{"id":59323,"date":"2019-09-04T10:28:05","date_gmt":"2019-09-04T13:28:05","guid":{"rendered":"https:\/\/eldiariodesanpedro.com.ar\/sitio\/?p=59323"},"modified":"2019-09-04T10:28:09","modified_gmt":"2019-09-04T13:28:09","slug":"juhant-la-marcha-de-las-dos-vidas-me-acerco-mucho-al-intendente","status":"publish","type":"post","link":"https:\/\/eldiariodesanpedro.com.ar\/sitio\/juhant-la-marcha-de-las-dos-vidas-me-acerco-mucho-al-intendente\/","title":{"rendered":"Juhant: \u00abLa marcha de las Dos Vidas me acerco mucho al Intendente\u00bb"},"content":{"rendered":"<!-- VideographyWP Plugin Message: Automatic video embedding prevented by plugin options. -->\n\n<p>Por la noche de este martes se realizo una reuni\u00f3n de dirigentes y militantes en el local de la UCR de cara a las elecciones de Octubre, \u00abPeronistas, Radicales, Socialistas, PRO, unidos tras un mismo objetivo, fortalecer el espacio para seguir reconstruyendo nuestra querida ciudad\u00bb, posteo el Intendente Cecilio Salazar en su red social donde se lo ve junto a Luciano Juhant, uno de los precandidatos por El Frente de Todos, Sosa, Izquierda,  y Rodriguez por Consenso Federal.<\/p>\n\n\n\n<p>El pastor Juhan anunci\u00f3 su intenci\u00f3n de ser precandidato a Intendente de San Pedro por el espacio \u00abRenacer pol\u00edtico y social\u00bb, una fuerza pol\u00edtica nueva y en formaci\u00f3n con presencia en m\u00e1s de 12 provincias, cuyos pilares fundacionales son la integridad, los valores, la transparencia y la inclusi\u00f3n social pero como no tiene estructura pol\u00edtica en nuestra provincia decidi\u00f3 en agosto unirse al Frente de Todos, compitiendo en una interna con tres candidatos mas, Ester Noat, Arana y Estelrich.<\/p>\n\n\n\n<figure class=\"wp-block-image\"><img decoding=\"async\" width=\"720\" height=\"400\" data-attachment-id=\"59335\" data-permalink=\"https:\/\/eldiariodesanpedro.com.ar\/sitio\/juhant-la-marcha-de-las-dos-vidas-me-acerco-mucho-al-intendente\/luciano-juhant-1\/\" data-orig-file=\"https:\/\/eldiariodesanpedro.com.ar\/sitio\/wp-content\/uploads\/2019\/09\/Luciano-Juhant-1.png\" data-orig-size=\"720,400\" data-comments-opened=\"1\" data-image-meta=\"{&quot;aperture&quot;:&quot;0&quot;,&quot;credit&quot;:&quot;&quot;,&quot;camera&quot;:&quot;&quot;,&quot;caption&quot;:&quot;&quot;,&quot;created_timestamp&quot;:&quot;0&quot;,&quot;copyright&quot;:&quot;&quot;,&quot;focal_length&quot;:&quot;0&quot;,&quot;iso&quot;:&quot;0&quot;,&quot;shutter_speed&quot;:&quot;0&quot;,&quot;title&quot;:&quot;&quot;,&quot;orientation&quot;:&quot;0&quot;}\" data-image-title=\"Luciano-Juhant-1\" data-image-description=\"\" data-image-caption=\"\" data-large-file=\"https:\/\/eldiariodesanpedro.com.ar\/sitio\/wp-content\/uploads\/2019\/09\/Luciano-Juhant-1.png\" data-src=\"https:\/\/eldiariodesanpedro.com.ar\/sitio\/wp-content\/uploads\/2019\/09\/Luciano-Juhant-1.png\" alt=\"\" class=\"wp-image-59335 lazyload\" data-srcset=\"https:\/\/eldiariodesanpedro.com.ar\/sitio\/wp-content\/uploads\/2019\/09\/Luciano-Juhant-1.png 720w, https:\/\/eldiariodesanpedro.com.ar\/sitio\/wp-content\/uploads\/2019\/09\/Luciano-Juhant-1-300x167.png 300w\" data-sizes=\"(max-width: 720px) 100vw, 720px\" src=\"data:image\/svg+xml;base64,PHN2ZyB3aWR0aD0iMSIgaGVpZ2h0PSIxIiB4bWxucz0iaHR0cDovL3d3dy53My5vcmcvMjAwMC9zdmciPjwvc3ZnPg==\" style=\"--smush-placeholder-width: 720px; --smush-placeholder-aspect-ratio: 720\/400;\" \/><\/figure>\n\n\n\n<p> Los n\u00fameros finales del 11 de agosto  fueron irreversibles en la interna, la pre candidata a Intendenta, Ester Noat se impuso en la interna del Frente de Todos sacandoles una amplia ventaja al resto.\u00a0 <\/p>\n\n\n\n<p>Esa noche del triunfo, Noat asegur\u00f3 que convocar\u00eda a todos los que vean \u201ccomo contendiente en las elecciones morerales a Mauricio Macri\u00bb a trabajar juntos. <\/p>\n\n\n\n<p>Marcos Arana, Eduardo Estelrrich y Luciano Juhant reconocieron la victoria\u00a0y fueron a felicitarla a su bunker del espacio, sito en  Belgrano 1375 donde quedaron en unirse para las elecciones de octubre.<\/p>\n\n\n\n<figure class=\"wp-block-image\"><img decoding=\"async\" width=\"960\" height=\"450\" data-attachment-id=\"59341\" data-permalink=\"https:\/\/eldiariodesanpedro.com.ar\/sitio\/juhant-la-marcha-de-las-dos-vidas-me-acerco-mucho-al-intendente\/whatsapp_image_2019-08-11_at_21-22-14\/\" data-orig-file=\"https:\/\/eldiariodesanpedro.com.ar\/sitio\/wp-content\/uploads\/2019\/09\/whatsapp_image_2019-08-11_at_21.22.14.jpeg\" data-orig-size=\"960,450\" data-comments-opened=\"1\" data-image-meta=\"{&quot;aperture&quot;:&quot;0&quot;,&quot;credit&quot;:&quot;&quot;,&quot;camera&quot;:&quot;&quot;,&quot;caption&quot;:&quot;&quot;,&quot;created_timestamp&quot;:&quot;0&quot;,&quot;copyright&quot;:&quot;&quot;,&quot;focal_length&quot;:&quot;0&quot;,&quot;iso&quot;:&quot;0&quot;,&quot;shutter_speed&quot;:&quot;0&quot;,&quot;title&quot;:&quot;&quot;,&quot;orientation&quot;:&quot;0&quot;}\" data-image-title=\"whatsapp_image_2019-08-11_at_21.22.14\" data-image-description=\"\" data-image-caption=\"\" data-large-file=\"https:\/\/eldiariodesanpedro.com.ar\/sitio\/wp-content\/uploads\/2019\/09\/whatsapp_image_2019-08-11_at_21.22.14.jpeg\" data-src=\"https:\/\/eldiariodesanpedro.com.ar\/sitio\/wp-content\/uploads\/2019\/09\/whatsapp_image_2019-08-11_at_21.22.14.jpeg\" alt=\"\" class=\"wp-image-59341 lazyload\" data-srcset=\"https:\/\/eldiariodesanpedro.com.ar\/sitio\/wp-content\/uploads\/2019\/09\/whatsapp_image_2019-08-11_at_21.22.14.jpeg 960w, https:\/\/eldiariodesanpedro.com.ar\/sitio\/wp-content\/uploads\/2019\/09\/whatsapp_image_2019-08-11_at_21.22.14-300x141.jpeg 300w, https:\/\/eldiariodesanpedro.com.ar\/sitio\/wp-content\/uploads\/2019\/09\/whatsapp_image_2019-08-11_at_21.22.14-768x360.jpeg 768w\" data-sizes=\"(max-width: 960px) 100vw, 960px\" src=\"data:image\/svg+xml;base64,PHN2ZyB3aWR0aD0iMSIgaGVpZ2h0PSIxIiB4bWxucz0iaHR0cDovL3d3dy53My5vcmcvMjAwMC9zdmciPjwvc3ZnPg==\" style=\"--smush-placeholder-width: 960px; --smush-placeholder-aspect-ratio: 960\/450;\" \/><\/figure>\n\n\n\n<p>Este martes por la noche en un acto oficial de Juntos por el Cambio que se desarrollo en la UCR, sorprendi\u00f3 la presencia de Luciano Juhant donde se lo vio encabezando el mismo junto a otros dirigentes pol\u00edticos.<\/p>\n\n\n\n<p>A la sorpresa los medios de comunicacion hicieron eco de la noticia donde el ex concejal explico los motivos de su acompa\u00f1amiento hoy al oficialismo: <\/p>\n\n\n\n<p>\u00abSoy afiliado radical en primer lugar, fui precandidato por el Frente de Todos con una elecci\u00f3n que nos dejo muy satisfecho a todos,  particularmente largue mi candidatura en otro espacio pol\u00edtico llamado Renacer que no tenia estructura partidaria en la prov, esto fue lo que plante en mi frente electoral, que quer\u00eda seguir con esta fuerza, segundo el Intendente reconociendo mi labor, me llama, me convoca y me invita para saber si estaba de acuerdo con el proyecto que lleva en su gesti\u00f3n y me pregunto si me quer\u00eda sumar y la verdad jamas hable mal de su gesti\u00f3n, cuando me llamo dialogamos de ideas que tengo por si les interesaba sumarlas a la gesti\u00f3n y presencie el acto\u00bb<\/p>\n\n\n\n<p>En dialogo se le pregunto que estaba pasando con su relaci\u00f3n con la ganadora del Frente de Todos, Ester Noat con quien parec\u00eda haber hecho una alianza pol\u00edtica para trabajar juntos y contesto,\u00bbel 11 de agosto como corresponde felicite a la candidata ganadora del espacio, le dije que estaba a su disposici\u00f3n, que no tenia problema en trabajar juntos pero la realidad es que  nunca me llamaron , hasta la fecha no hubo convocatoria, en lo personal quedamos en acompa\u00f1ar pero no tenia arreglo con ella ni con nadie\u00bb <\/p>\n\n\n\n<p>\u00abCecilio valoro mas mi espacio electoral, el Frente de todos no me llamo, si Ester me llamaba hubi\u00e9ramos conversado, a mi me interesa que el espacio Renacer crezca, que tenga su lugar y que podamos trabajar juntos desde su ideolog\u00eda tambi\u00e9n\u00bb<\/p>\n\n\n\n<p>La inquietud de la decisi\u00f3n que tomo Juhant es porque son espacios que tienen pensamientos muy distintos, pero el expreso, \u00aba nivel nacional son diferentes, pero Salazar viene del peronismo, Ester tambi\u00e9n y si me llamaba quiz\u00e1s estar\u00edamos trabajando juntos hoy, no lo se\u00bb<\/p>\n\n\n\n<p>\u00abPero si quiero remarcar ante los comentarios de muchos que a mi nadie me apret\u00f3 ni nada por el estilo, siempre me respetaron , en cuanto a lo laboral no hay nada hablado, fui concejal, despu\u00e9s estuve en desarrollo humano siempre con una actitud de crecer en lo social, yo siempre quise tener algo mejor para hacer lo que me gusta que es tener contacto con la gente y hoy quiero seguir trabajando desde mi lugar que es lo que voy a plantear, que Renacer pueda ser reconocido\u00bb<\/p>\n\n\n\n<p>Culminando agrego a la nota un acercamiento especial que tuvo con el Intendente en el D\u00eda Internacional de Acci\u00f3n por las Dos Vidas, \u00abel 8 de agosto  acompa\u00f1e la marcha por las Dos Vidas, en lo personal me causo mucho agrado, al llegar al Municipio toda esa gente fue recibida por Cecilio donde brindo unas palabras que la verdad me acercaron mucho a \u00e9l quiero confesar\u00bb.<\/p>\n\n\n\n<figure class=\"wp-block-image\"><img decoding=\"async\" width=\"960\" height=\"720\" data-attachment-id=\"59344\" data-permalink=\"https:\/\/eldiariodesanpedro.com.ar\/sitio\/juhant-la-marcha-de-las-dos-vidas-me-acerco-mucho-al-intendente\/70044887_165191817934254_2852375798038396928_n\/\" data-orig-file=\"https:\/\/eldiariodesanpedro.com.ar\/sitio\/wp-content\/uploads\/2019\/09\/70044887_165191817934254_2852375798038396928_n.jpg\" data-orig-size=\"960,720\" data-comments-opened=\"1\" data-image-meta=\"{&quot;aperture&quot;:&quot;0&quot;,&quot;credit&quot;:&quot;&quot;,&quot;camera&quot;:&quot;&quot;,&quot;caption&quot;:&quot;&quot;,&quot;created_timestamp&quot;:&quot;0&quot;,&quot;copyright&quot;:&quot;&quot;,&quot;focal_length&quot;:&quot;0&quot;,&quot;iso&quot;:&quot;0&quot;,&quot;shutter_speed&quot;:&quot;0&quot;,&quot;title&quot;:&quot;&quot;,&quot;orientation&quot;:&quot;0&quot;}\" data-image-title=\"70044887_165191817934254_2852375798038396928_n\" data-image-description=\"\" data-image-caption=\"\" data-large-file=\"https:\/\/eldiariodesanpedro.com.ar\/sitio\/wp-content\/uploads\/2019\/09\/70044887_165191817934254_2852375798038396928_n.jpg\" data-src=\"https:\/\/eldiariodesanpedro.com.ar\/sitio\/wp-content\/uploads\/2019\/09\/70044887_165191817934254_2852375798038396928_n.jpg\" alt=\"\" class=\"wp-image-59344 lazyload\" data-srcset=\"https:\/\/eldiariodesanpedro.com.ar\/sitio\/wp-content\/uploads\/2019\/09\/70044887_165191817934254_2852375798038396928_n.jpg 960w, https:\/\/eldiariodesanpedro.com.ar\/sitio\/wp-content\/uploads\/2019\/09\/70044887_165191817934254_2852375798038396928_n-300x225.jpg 300w, https:\/\/eldiariodesanpedro.com.ar\/sitio\/wp-content\/uploads\/2019\/09\/70044887_165191817934254_2852375798038396928_n-768x576.jpg 768w\" data-sizes=\"(max-width: 960px) 100vw, 960px\" src=\"data:image\/svg+xml;base64,PHN2ZyB3aWR0aD0iMSIgaGVpZ2h0PSIxIiB4bWxucz0iaHR0cDovL3d3dy53My5vcmcvMjAwMC9zdmciPjwvc3ZnPg==\" style=\"--smush-placeholder-width: 960px; --smush-placeholder-aspect-ratio: 960\/720;\" \/><\/figure>\n\n\n\n<figure class=\"wp-block-image\"><img decoding=\"async\" width=\"960\" height=\"540\" data-attachment-id=\"59345\" data-permalink=\"https:\/\/eldiariodesanpedro.com.ar\/sitio\/juhant-la-marcha-de-las-dos-vidas-me-acerco-mucho-al-intendente\/69788743_165191497934286_5649493672127889408_n\/\" data-orig-file=\"https:\/\/eldiariodesanpedro.com.ar\/sitio\/wp-content\/uploads\/2019\/09\/69788743_165191497934286_5649493672127889408_n.jpg\" data-orig-size=\"960,540\" data-comments-opened=\"1\" data-image-meta=\"{&quot;aperture&quot;:&quot;0&quot;,&quot;credit&quot;:&quot;&quot;,&quot;camera&quot;:&quot;&quot;,&quot;caption&quot;:&quot;&quot;,&quot;created_timestamp&quot;:&quot;0&quot;,&quot;copyright&quot;:&quot;&quot;,&quot;focal_length&quot;:&quot;0&quot;,&quot;iso&quot;:&quot;0&quot;,&quot;shutter_speed&quot;:&quot;0&quot;,&quot;title&quot;:&quot;&quot;,&quot;orientation&quot;:&quot;0&quot;}\" data-image-title=\"69788743_165191497934286_5649493672127889408_n\" data-image-description=\"\" data-image-caption=\"\" data-large-file=\"https:\/\/eldiariodesanpedro.com.ar\/sitio\/wp-content\/uploads\/2019\/09\/69788743_165191497934286_5649493672127889408_n.jpg\" data-src=\"https:\/\/eldiariodesanpedro.com.ar\/sitio\/wp-content\/uploads\/2019\/09\/69788743_165191497934286_5649493672127889408_n.jpg\" alt=\"\" class=\"wp-image-59345 lazyload\" data-srcset=\"https:\/\/eldiariodesanpedro.com.ar\/sitio\/wp-content\/uploads\/2019\/09\/69788743_165191497934286_5649493672127889408_n.jpg 960w, https:\/\/eldiariodesanpedro.com.ar\/sitio\/wp-content\/uploads\/2019\/09\/69788743_165191497934286_5649493672127889408_n-300x169.jpg 300w, https:\/\/eldiariodesanpedro.com.ar\/sitio\/wp-content\/uploads\/2019\/09\/69788743_165191497934286_5649493672127889408_n-768x432.jpg 768w\" data-sizes=\"(max-width: 960px) 100vw, 960px\" src=\"data:image\/svg+xml;base64,PHN2ZyB3aWR0aD0iMSIgaGVpZ2h0PSIxIiB4bWxucz0iaHR0cDovL3d3dy53My5vcmcvMjAwMC9zdmciPjwvc3ZnPg==\" style=\"--smush-placeholder-width: 960px; --smush-placeholder-aspect-ratio: 960\/540;\" \/><\/figure>\n","protected":false},"excerpt":{"rendered":"<p>Por la noche de este martes se realizo una reuni\u00f3n de dirigentes y militantes en el local de la UCR de cara a las elecciones de Octubre, \u00abPeronistas, Radicales, Socialistas, PRO, unidos tras un mismo objetivo, fortalecer el espacio para seguir reconstruyendo nuestra querida ciudad\u00bb, posteo el Intendente Cecilio Salazar en su red social donde [&hellip;]<\/p>\n","protected":false},"author":4,"featured_media":59344,"comment_status":"open","ping_status":"closed","sticky":false,"template":"","format":"standard","meta":{"om_disable_all_campaigns":false,"_jetpack_memberships_contains_paid_content":false,"footnotes":""},"categories":[50,2,102],"tags":[],"class_list":["post-59323","post","type-post","status-publish","format-standard","has-post-thumbnail","hentry","category-destacadas","category-locales","category-politica-locales"],"aioseo_notices":[],"gutentor_comment":0,"jetpack_featured_media_url":"https:\/\/eldiariodesanpedro.com.ar\/sitio\/wp-content\/uploads\/2019\/09\/70044887_165191817934254_2852375798038396928_n.jpg","jetpack_shortlink":"https:\/\/wp.me\/p6RhLt-fqP","jetpack_sharing_enabled":true,"_links":{"self":[{"href":"https:\/\/eldiariodesanpedro.com.ar\/sitio\/wp-json\/wp\/v2\/posts\/59323","targetHints":{"allow":["GET"]}}],"collection":[{"href":"https:\/\/eldiariodesanpedro.com.ar\/sitio\/wp-json\/wp\/v2\/posts"}],"about":[{"href":"https:\/\/eldiariodesanpedro.com.ar\/sitio\/wp-json\/wp\/v2\/types\/post"}],"author":[{"embeddable":true,"href":"https:\/\/eldiariodesanpedro.com.ar\/sitio\/wp-json\/wp\/v2\/users\/4"}],"replies":[{"embeddable":true,"href":"https:\/\/eldiariodesanpedro.com.ar\/sitio\/wp-json\/wp\/v2\/comments?post=59323"}],"version-history":[{"count":1,"href":"https:\/\/eldiariodesanpedro.com.ar\/sitio\/wp-json\/wp\/v2\/posts\/59323\/revisions"}],"predecessor-version":[{"id":59346,"href":"https:\/\/eldiariodesanpedro.com.ar\/sitio\/wp-json\/wp\/v2\/posts\/59323\/revisions\/59346"}],"wp:featuredmedia":[{"embeddable":true,"href":"https:\/\/eldiariodesanpedro.com.ar\/sitio\/wp-json\/wp\/v2\/media\/59344"}],"wp:attachment":[{"href":"https:\/\/eldiariodesanpedro.com.ar\/sitio\/wp-json\/wp\/v2\/media?parent=59323"}],"wp:term":[{"taxonomy":"category","embeddable":true,"href":"https:\/\/eldiariodesanpedro.com.ar\/sitio\/wp-json\/wp\/v2\/categories?post=59323"},{"taxonomy":"post_tag","embeddable":true,"href":"https:\/\/eldiariodesanpedro.com.ar\/sitio\/wp-json\/wp\/v2\/tags?post=59323"}],"curies":[{"name":"wp","href":"https:\/\/api.w.org\/{rel}","templated":true}]}}