{"id":59319,"date":"2019-09-04T09:07:33","date_gmt":"2019-09-04T12:07:33","guid":{"rendered":"https:\/\/eldiariodesanpedro.com.ar\/sitio\/?p=59319"},"modified":"2019-09-04T09:07:37","modified_gmt":"2019-09-04T12:07:37","slug":"seguimos-con-temperaturas-bajo-cero","status":"publish","type":"post","link":"https:\/\/eldiariodesanpedro.com.ar\/sitio\/seguimos-con-temperaturas-bajo-cero\/","title":{"rendered":"Seguimos con temperaturas bajo cero"},"content":{"rendered":"<!-- VideographyWP Plugin Message: Automatic video embedding prevented by plugin options. -->\n\n<p>El sexto \u00abServicio de Alarma para control de heladas\u00bb finaliz\u00f3 a las 24 hs cuando ya se registraban temperaturas inferiores a cero.<\/p>\n\n\n\n<p><br>La estaci\u00f3n de INTA desarrollo esta madrugada el servicio de control de heladas donde  a las 4 hs cuando ya se registraban temperaturas inferiores a cero.<\/p>\n\n\n\n<p>Desde entonces siguieron descendiendo, desde las 5.50 hs se mantiene en inferiores a -2-4\u00b0 , seg\u00fan informaci\u00f3n registrada por la Estaci\u00f3n Autom\u00e1tica del INTA, a 1.5 metros de altura, fuera del abrigo meteorol\u00f3gico (a la intemperie).<\/p>\n\n\n\n<p>Reci\u00e9n a las 8 hs empieza a registrarse temperaturas sobre cero.<\/p>\n\n\n\n<p> La m\u00ednima lleg\u00f3 a las 7.20 a -3.8C\u00b0.\u00a0 <br><\/p>\n","protected":false},"excerpt":{"rendered":"<p>El sexto \u00abServicio de Alarma para control de heladas\u00bb finaliz\u00f3 a las 24 hs cuando ya se registraban temperaturas inferiores a cero. La estaci\u00f3n de INTA desarrollo esta madrugada el servicio de control de heladas donde a las 4 hs cuando ya se registraban temperaturas inferiores a cero. Desde entonces siguieron descendiendo, desde las 5.50 [&hellip;]<\/p>\n","protected":false},"author":4,"featured_media":59321,"comment_status":"open","ping_status":"closed","sticky":false,"template":"","format":"standard","meta":{"om_disable_all_campaigns":false,"_jetpack_memberships_contains_paid_content":false,"footnotes":""},"categories":[101,2],"tags":[],"class_list":["post-59319","post","type-post","status-publish","format-standard","has-post-thumbnail","hentry","category-interes-general-locales","category-locales"],"aioseo_notices":[],"gutentor_comment":0,"jetpack_featured_media_url":"https:\/\/eldiariodesanpedro.com.ar\/sitio\/wp-content\/uploads\/2019\/09\/se-prolongan-las-bajas-temperaturas-y-se-incrementa-la-probabilidad-de-lluvias-3892-3.jpg","jetpack_shortlink":"https:\/\/wp.me\/p6RhLt-fqL","jetpack_sharing_enabled":true,"_links":{"self":[{"href":"https:\/\/eldiariodesanpedro.com.ar\/sitio\/wp-json\/wp\/v2\/posts\/59319","targetHints":{"allow":["GET"]}}],"collection":[{"href":"https:\/\/eldiariodesanpedro.com.ar\/sitio\/wp-json\/wp\/v2\/posts"}],"about":[{"href":"https:\/\/eldiariodesanpedro.com.ar\/sitio\/wp-json\/wp\/v2\/types\/post"}],"author":[{"embeddable":true,"href":"https:\/\/eldiariodesanpedro.com.ar\/sitio\/wp-json\/wp\/v2\/users\/4"}],"replies":[{"embeddable":true,"href":"https:\/\/eldiariodesanpedro.com.ar\/sitio\/wp-json\/wp\/v2\/comments?post=59319"}],"version-history":[{"count":1,"href":"https:\/\/eldiariodesanpedro.com.ar\/sitio\/wp-json\/wp\/v2\/posts\/59319\/revisions"}],"predecessor-version":[{"id":59322,"href":"https:\/\/eldiariodesanpedro.com.ar\/sitio\/wp-json\/wp\/v2\/posts\/59319\/revisions\/59322"}],"wp:featuredmedia":[{"embeddable":true,"href":"https:\/\/eldiariodesanpedro.com.ar\/sitio\/wp-json\/wp\/v2\/media\/59321"}],"wp:attachment":[{"href":"https:\/\/eldiariodesanpedro.com.ar\/sitio\/wp-json\/wp\/v2\/media?parent=59319"}],"wp:term":[{"taxonomy":"category","embeddable":true,"href":"https:\/\/eldiariodesanpedro.com.ar\/sitio\/wp-json\/wp\/v2\/categories?post=59319"},{"taxonomy":"post_tag","embeddable":true,"href":"https:\/\/eldiariodesanpedro.com.ar\/sitio\/wp-json\/wp\/v2\/tags?post=59319"}],"curies":[{"name":"wp","href":"https:\/\/api.w.org\/{rel}","templated":true}]}}