{"id":59316,"date":"2019-09-04T08:57:39","date_gmt":"2019-09-04T11:57:39","guid":{"rendered":"https:\/\/eldiariodesanpedro.com.ar\/sitio\/?p=59316"},"modified":"2019-09-04T08:57:43","modified_gmt":"2019-09-04T11:57:43","slug":"interesantes-charlas-sobre-epilepsia-en-el-circulo-medico","status":"publish","type":"post","link":"https:\/\/eldiariodesanpedro.com.ar\/sitio\/interesantes-charlas-sobre-epilepsia-en-el-circulo-medico\/","title":{"rendered":"Interesantes charlas sobre Epilepsia en el C\u00edrculo M\u00e9dico"},"content":{"rendered":"<!-- VideographyWP Plugin Message: Automatic video embedding prevented by plugin options. -->\n\n<p>\u00bfCu\u00e1nto sabemos sobre la Epilepsia y qu\u00e9 podemos hacer ante casos cercanos que nos presentan de manera cotidiana?&nbsp;&nbsp;Esos ser\u00e1n s\u00f3lo algunos de los puntos de partida para las charlas abiertas y gratuitas, organizadas el pr\u00f3ximo 12 de Septiembre a las 20.30, en el Auditorio del C\u00edrculo M\u00e9dico de San Pedro, en el marco de la Semana Nacional de la Epilepsia.<br><\/p>\n\n\n\n<p>Impulsadas a nivel local por el Dr. Paulo Piquioni, uno de los disertantes y especialista de reconocida trayectoria en el tema, y organizadas por la Sociedad Neurol\u00f3gica Argentina, la actividad es respaldada por el C\u00edrculo M\u00e9dico, la Secretar\u00eda de Salud de la Municipalidad y Liga contra la Epilepsia.<\/p>\n\n\n\n<p>Junto al Dr. Piquioni, Miembro del Grupo de Trabajo en Epilepsia y Medicina del Sue\u00f1o de la Sociedad Neurol\u00f3gica Argentina y ex miembro del Centro de Epilepsia del Hospital Ramos Mej\u00eda, participar\u00e1 en esta actividad la Dra. Andrea Man\u00edn, integrante del Servicio de Neuropediatr\u00eda del Hospital de Ni\u00f1os Norte y del Hospital Italiano de Rosario. Ambos profesionales son integrantes del staff m\u00e9dico del Hospital Emilio Ruffa de nuestra ciudad.<\/p>\n\n\n\n<p>Ser\u00e1n dos presentaciones en la misma noche para hablar sobre, Epilepsia en las Escuelas y Mitos de la Epilepsia, en los que se plantear\u00e1n ejes tem\u00e1ticos tales como&nbsp; discapacidad, embarazo, trabajo y Epilepsia, conducci\u00f3n de veh\u00edculos, gen\u00e9tica, mortalidad, c\u00f3mo actuar en una crisis, la importancia de la detecci\u00f3n precozmente y cu\u00e1ndo sospechar la enfermedad.<\/p>\n\n\n\n<p>Los destinatarios de las charlas son pacientes, familiares y educadores, para brindarles toda la informaci\u00f3n necesaria sobre esta enfermedad, herramientas para ayudar a un paciente con una crisis epil\u00e9ptica, cuidados y novedades terap\u00e9uticas. Tambi\u00e9n se busca desterrar aquellos mitos que generan miedos y dudas al paciente epil\u00e9ptico y su entorno.<\/p>\n\n\n\n<p>Quedan todos invitados a concurrir y a compartir esta actividad con quienes pueden tener inter\u00e9s en el tema: 12 de Septiembre a las 20.30 en el Auditorio del C\u00edrculo M\u00e9dico.<\/p>\n\n\n\n<p><strong>M\u00e1s sobre la Epilepsia<\/strong><\/p>\n\n\n\n<p>La Epilepsia afecta a uno de cada 100 habitantes. Puede afectar a todas las edades, con un pico de incidencia en la infancia, adolescencia tard\u00eda y luego de los 65 a\u00f1os, sin diferencias entre sexos.<\/p>\n\n\n\n<p>Es una patolog\u00eda cr\u00f3nica caracterizada por la presencia de crisis, que pueden ser convulsivas recurrentes o no convulsivas que requieren muchas veces de la sospecha del especialista para arribar al diagn\u00f3stico. Hay diversos tipos y sus causas pueden ser diversas, como lesiones cerebrales o simplemente, predisposici\u00f3n gen\u00e9tica.<\/p>\n\n\n\n<p>El diagn\u00f3stico se hace b\u00e1sicamente con el interrogatorio del paciente y de los acompa\u00f1antes, y se apoya en estudios que hoy est\u00e1n disponibles en nuestra ciudad con electroencefalogramas y resonancias magn\u00e9ticas.&nbsp;<\/p>\n\n\n\n<p>El tratamiento es farmacol\u00f3gico. Los medicamentos para prevenir las convulsiones, llamados antiepil\u00e9pticos, tienen la capacidad de reducir el n\u00famero de crisis futuras.<\/p>\n\n\n\n<p>La importancia de un diagn\u00f3stico certero radica en que, una vez establecido y comenzado el tratamiento con la medicaci\u00f3n apropiada, alrededor del 80% de los pacientes deja de tener crisis. Esto hace que las personas puedan desarrollar sus actividades cotidianas en forma habitual, salvo algunas excepciones.<\/p>\n\n\n\n<p>Con el 20% que no responden, llamadas Epilepsias Farmacoresistentes, se requieren tratamientos combinados y puede ser necesario recurrir a otras terapias como cirug\u00eda de Epilepsia, Estimulaci\u00f3n del Nervio Vago, Terapias con Cannabis y\/o dieta cetog\u00e9nica, que es dieta muy alta en grasas y baja en carbohidratos.<\/p>\n\n\n\n<p><em>(S\u00edntesis: Dr. Paulo Piquioni)<\/em><\/p>\n","protected":false},"excerpt":{"rendered":"<p>\u00bfCu\u00e1nto sabemos sobre la Epilepsia y qu\u00e9 podemos hacer ante casos cercanos que nos presentan de manera cotidiana?&nbsp;&nbsp;Esos ser\u00e1n s\u00f3lo algunos de los puntos de partida para las charlas abiertas y gratuitas, organizadas el pr\u00f3ximo 12 de Septiembre a las 20.30, en el Auditorio del C\u00edrculo M\u00e9dico de San Pedro, en el marco de la [&hellip;]<\/p>\n","protected":false},"author":4,"featured_media":59317,"comment_status":"open","ping_status":"closed","sticky":false,"template":"","format":"standard","meta":{"om_disable_all_campaigns":false,"_jetpack_memberships_contains_paid_content":false,"footnotes":""},"categories":[101,2],"tags":[],"class_list":["post-59316","post","type-post","status-publish","format-standard","has-post-thumbnail","hentry","category-interes-general-locales","category-locales"],"aioseo_notices":[],"gutentor_comment":0,"jetpack_featured_media_url":"https:\/\/eldiariodesanpedro.com.ar\/sitio\/wp-content\/uploads\/2019\/09\/Epilepsia.jpg","jetpack_shortlink":"https:\/\/wp.me\/p6RhLt-fqI","jetpack_sharing_enabled":true,"_links":{"self":[{"href":"https:\/\/eldiariodesanpedro.com.ar\/sitio\/wp-json\/wp\/v2\/posts\/59316","targetHints":{"allow":["GET"]}}],"collection":[{"href":"https:\/\/eldiariodesanpedro.com.ar\/sitio\/wp-json\/wp\/v2\/posts"}],"about":[{"href":"https:\/\/eldiariodesanpedro.com.ar\/sitio\/wp-json\/wp\/v2\/types\/post"}],"author":[{"embeddable":true,"href":"https:\/\/eldiariodesanpedro.com.ar\/sitio\/wp-json\/wp\/v2\/users\/4"}],"replies":[{"embeddable":true,"href":"https:\/\/eldiariodesanpedro.com.ar\/sitio\/wp-json\/wp\/v2\/comments?post=59316"}],"version-history":[{"count":1,"href":"https:\/\/eldiariodesanpedro.com.ar\/sitio\/wp-json\/wp\/v2\/posts\/59316\/revisions"}],"predecessor-version":[{"id":59318,"href":"https:\/\/eldiariodesanpedro.com.ar\/sitio\/wp-json\/wp\/v2\/posts\/59316\/revisions\/59318"}],"wp:featuredmedia":[{"embeddable":true,"href":"https:\/\/eldiariodesanpedro.com.ar\/sitio\/wp-json\/wp\/v2\/media\/59317"}],"wp:attachment":[{"href":"https:\/\/eldiariodesanpedro.com.ar\/sitio\/wp-json\/wp\/v2\/media?parent=59316"}],"wp:term":[{"taxonomy":"category","embeddable":true,"href":"https:\/\/eldiariodesanpedro.com.ar\/sitio\/wp-json\/wp\/v2\/categories?post=59316"},{"taxonomy":"post_tag","embeddable":true,"href":"https:\/\/eldiariodesanpedro.com.ar\/sitio\/wp-json\/wp\/v2\/tags?post=59316"}],"curies":[{"name":"wp","href":"https:\/\/api.w.org\/{rel}","templated":true}]}}