{"id":59311,"date":"2019-09-03T18:30:23","date_gmt":"2019-09-03T21:30:23","guid":{"rendered":"https:\/\/eldiariodesanpedro.com.ar\/sitio\/?p=59311"},"modified":"2019-09-03T18:30:27","modified_gmt":"2019-09-03T21:30:27","slug":"necesitamos-que-la-verdad-triunfe-para-que-ariel-pueda-descansar-en-paz","status":"publish","type":"post","link":"https:\/\/eldiariodesanpedro.com.ar\/sitio\/necesitamos-que-la-verdad-triunfe-para-que-ariel-pueda-descansar-en-paz\/","title":{"rendered":"\u00abNecesitamos que la verdad triunfe para que Ariel pueda descansar en paz\u00bb"},"content":{"rendered":"<!-- VideographyWP Plugin Message: Automatic video embedding prevented by plugin options. -->\n\n<p>El mi\u00e9rcoles a las 8 de la ma\u00f1ana dar\u00e1 inicio el juicio por jurados por el homicidio del productor viverista ocurrido en febrero de 2016. El \u00fanico imputado en el hecho es Ulises Fern\u00e1ndez.<ins><br><\/ins><\/p>\n\n\n\n<p>El Tribunal Criminal N\u00b0 1 de San Nicol\u00e1s ser\u00e1 escenario del juicio por jurado donde se buscar\u00e1 condenar al \u00fanico imputado en el homicidio de Ariel Lido Gomila, el productor viverista que fue asesinado en su campo del paraje espinillo en la noche del 6 de febrero de 2016.\u00a0<\/p>\n\n\n\n<p>El debate comenzar\u00e1 a los 8 horas del mi\u00e9rcoles y 24 personas\u00a0 oficiar\u00e1n como testigos ante el jurado compuesto por vecinos.\u00a0<\/p>\n\n\n\n<p>Ulises Fern\u00e1ndez es el \u00fanico imputado de haber participado en el hecho ya que fue citado por un testigo ocasional que lo ubic\u00f3&nbsp;en el campo de la familia Gomila la noche del asesinato. Al productor lo mataron de dos balazos cuando intent\u00f3 defenderse del robo a su campo cuando llegaba&nbsp;junto a su mujer en horas de la noche.<\/p>\n\n\n\n<p>Su nieto Juan Gomila le dedic\u00f3 una sentidas palabras&#8230;<\/p>\n\n\n\n<p><em>\u00abEl 6 de febrero de 2016 ARIEL GOMILA fue asesinado en su campo al recibir 4 disparos de manos de delincuentes.<\/em><\/p>\n\n\n\n<p><em>\u201cAriel era mi esposo\u201d \u2013 \u201cAriel era mi pap\u00e1\u201d \u2013 \u201cAriel era mi hermano\u201d \u2013 \u201cAriel era mi abuelo\u201d \u2013 \u201cAriel era mi t\u00edo\u201d \u2013 \u201cAriel era mi cu\u00f1ado\u201d \u2013 \u201cAriel era mi primo\u201d \u2013 \u201cAriel era mi suegro\u201d \u2013 \u201cAriel era mi sobrino\u201d \u2013 \u201cAriel era mi amigo\u201d<\/em><\/p>\n\n\n\n<p><em>ARIEL era una persona noble. En la oscuridad de aquella madrugada, lo perdimos para siempre.<\/em><\/p>\n\n\n\n<p><em>Pasaron 3 a\u00f1os y 7 meses, y ARIEL a\u00fan no tiene justicia.<\/em><\/p>\n\n\n\n<p><em>Ante la mirada de muchos, gracias a la complicidad de otros tantos y, lo peor, ante la indiferencia de quienes m\u00e1s deber\u00edan estar preocupados.<\/em><\/p>\n\n\n\n<p><em>Necesitamos que la verdad triunfe para que ARIEL pueda descansar en paz. Por eso, este 4 y 5 de septiembre es imprescindible que nos acompa\u00f1es desde donde est\u00e9s. Porque este 4 y 5 de septiembre se realizar\u00e1 el juicio oral al \u00fanico procesado de la causa. Hoy, m\u00e1s que nunca, agradecemos a todos aquellos que han decidido romper con la cadena de impunidad, de silencio y de temor.<\/em><\/p>\n\n\n\n<p><em>Nosotros nunca nos vamos a olvidar de ARIEL, por favor, vos tampoco te olvides.<\/em><\/p>\n\n\n\n<p><em>JUSTICIA. Es lo que puede sanarnos un poco el coraz\u00f3n, honrar su memoria y sentar precedente de esperanza para nuestra comunidad.\u00bb<\/em><\/p>\n\n\n\n<p>FUENTE: SAN PEDRO INFORMA<\/p>\n","protected":false},"excerpt":{"rendered":"<p>El mi\u00e9rcoles a las 8 de la ma\u00f1ana dar\u00e1 inicio el juicio por jurados por el homicidio del productor viverista ocurrido en febrero de 2016. El \u00fanico imputado en el hecho es Ulises Fern\u00e1ndez. El Tribunal Criminal N\u00b0 1 de San Nicol\u00e1s ser\u00e1 escenario del juicio por jurado donde se buscar\u00e1 condenar al \u00fanico imputado [&hellip;]<\/p>\n","protected":false},"author":4,"featured_media":59312,"comment_status":"open","ping_status":"closed","sticky":false,"template":"","format":"standard","meta":{"om_disable_all_campaigns":false,"_jetpack_memberships_contains_paid_content":false,"footnotes":""},"categories":[50,2,103],"tags":[],"class_list":["post-59311","post","type-post","status-publish","format-standard","has-post-thumbnail","hentry","category-destacadas","category-locales","category-policiales-locales"],"aioseo_notices":[],"gutentor_comment":0,"jetpack_featured_media_url":"https:\/\/eldiariodesanpedro.com.ar\/sitio\/wp-content\/uploads\/2019\/09\/000079580.jpg","jetpack_shortlink":"https:\/\/wp.me\/p6RhLt-fqD","jetpack_sharing_enabled":true,"_links":{"self":[{"href":"https:\/\/eldiariodesanpedro.com.ar\/sitio\/wp-json\/wp\/v2\/posts\/59311","targetHints":{"allow":["GET"]}}],"collection":[{"href":"https:\/\/eldiariodesanpedro.com.ar\/sitio\/wp-json\/wp\/v2\/posts"}],"about":[{"href":"https:\/\/eldiariodesanpedro.com.ar\/sitio\/wp-json\/wp\/v2\/types\/post"}],"author":[{"embeddable":true,"href":"https:\/\/eldiariodesanpedro.com.ar\/sitio\/wp-json\/wp\/v2\/users\/4"}],"replies":[{"embeddable":true,"href":"https:\/\/eldiariodesanpedro.com.ar\/sitio\/wp-json\/wp\/v2\/comments?post=59311"}],"version-history":[{"count":1,"href":"https:\/\/eldiariodesanpedro.com.ar\/sitio\/wp-json\/wp\/v2\/posts\/59311\/revisions"}],"predecessor-version":[{"id":59313,"href":"https:\/\/eldiariodesanpedro.com.ar\/sitio\/wp-json\/wp\/v2\/posts\/59311\/revisions\/59313"}],"wp:featuredmedia":[{"embeddable":true,"href":"https:\/\/eldiariodesanpedro.com.ar\/sitio\/wp-json\/wp\/v2\/media\/59312"}],"wp:attachment":[{"href":"https:\/\/eldiariodesanpedro.com.ar\/sitio\/wp-json\/wp\/v2\/media?parent=59311"}],"wp:term":[{"taxonomy":"category","embeddable":true,"href":"https:\/\/eldiariodesanpedro.com.ar\/sitio\/wp-json\/wp\/v2\/categories?post=59311"},{"taxonomy":"post_tag","embeddable":true,"href":"https:\/\/eldiariodesanpedro.com.ar\/sitio\/wp-json\/wp\/v2\/tags?post=59311"}],"curies":[{"name":"wp","href":"https:\/\/api.w.org\/{rel}","templated":true}]}}