{"id":5931,"date":"2016-07-12T20:24:53","date_gmt":"2016-07-12T23:24:53","guid":{"rendered":"https:\/\/eldiariodesanpedro.com.ar\/sitio\/?p=5931"},"modified":"2016-07-12T20:24:53","modified_gmt":"2016-07-12T23:24:53","slug":"primera-reunion-para-conformar-la-camara-de-comercio-exterior","status":"publish","type":"post","link":"https:\/\/eldiariodesanpedro.com.ar\/sitio\/primera-reunion-para-conformar-la-camara-de-comercio-exterior\/","title":{"rendered":"Primera reuni\u00f3n para conformar la C\u00e1mara de Comercio Exterior"},"content":{"rendered":"<p><!-- VideographyWP Plugin Message: Automatic video embedding prevented by plugin options. --><br \/>\nPor iniciativa de la entidad y ante las constantes oportunidades que se presentan de interactuar con organismos de otras regiones del pa\u00eds, se est\u00e1n dando los primeros pasos para la conformaci\u00f3n de una C\u00e1mara de Comercio Exterior dentro del Centro de Comercio e Industria.<br \/>\nEl lunes por la noche tuvo lugar la primera reuni\u00f3n, a la que asistieron cinco empresas locales adem\u00e1s de representantes del Centro.<br \/>\nDe este encuentro surgi\u00f3 la convocatoria a todas las empresas que deseen participar para la conformaci\u00f3n de la C\u00e1mara, el pr\u00f3ximo 25 de julio a las 21.00.<\/p>\n","protected":false},"excerpt":{"rendered":"<p>Por iniciativa de la entidad y ante las constantes oportunidades que se presentan de interactuar con organismos de otras regiones del pa\u00eds, se est\u00e1n dando los primeros pasos para la conformaci\u00f3n de una C\u00e1mara de Comercio Exterior dentro del Centro de Comercio e Industria. El lunes por la noche tuvo lugar la primera reuni\u00f3n, a [&hellip;]<\/p>\n","protected":false},"author":4,"featured_media":5932,"comment_status":"open","ping_status":"closed","sticky":false,"template":"","format":"standard","meta":{"om_disable_all_campaigns":false,"_jetpack_memberships_contains_paid_content":false,"footnotes":""},"categories":[101,2],"tags":[],"class_list":["post-5931","post","type-post","status-publish","format-standard","has-post-thumbnail","hentry","category-interes-general-locales","category-locales"],"aioseo_notices":[],"gutentor_comment":0,"jetpack_featured_media_url":"https:\/\/eldiariodesanpedro.com.ar\/sitio\/wp-content\/uploads\/2016\/07\/PAGINA-6-01-1.jpg","jetpack_shortlink":"https:\/\/wp.me\/p6RhLt-1xF","jetpack_sharing_enabled":true,"_links":{"self":[{"href":"https:\/\/eldiariodesanpedro.com.ar\/sitio\/wp-json\/wp\/v2\/posts\/5931","targetHints":{"allow":["GET"]}}],"collection":[{"href":"https:\/\/eldiariodesanpedro.com.ar\/sitio\/wp-json\/wp\/v2\/posts"}],"about":[{"href":"https:\/\/eldiariodesanpedro.com.ar\/sitio\/wp-json\/wp\/v2\/types\/post"}],"author":[{"embeddable":true,"href":"https:\/\/eldiariodesanpedro.com.ar\/sitio\/wp-json\/wp\/v2\/users\/4"}],"replies":[{"embeddable":true,"href":"https:\/\/eldiariodesanpedro.com.ar\/sitio\/wp-json\/wp\/v2\/comments?post=5931"}],"version-history":[{"count":1,"href":"https:\/\/eldiariodesanpedro.com.ar\/sitio\/wp-json\/wp\/v2\/posts\/5931\/revisions"}],"predecessor-version":[{"id":5933,"href":"https:\/\/eldiariodesanpedro.com.ar\/sitio\/wp-json\/wp\/v2\/posts\/5931\/revisions\/5933"}],"wp:featuredmedia":[{"embeddable":true,"href":"https:\/\/eldiariodesanpedro.com.ar\/sitio\/wp-json\/wp\/v2\/media\/5932"}],"wp:attachment":[{"href":"https:\/\/eldiariodesanpedro.com.ar\/sitio\/wp-json\/wp\/v2\/media?parent=5931"}],"wp:term":[{"taxonomy":"category","embeddable":true,"href":"https:\/\/eldiariodesanpedro.com.ar\/sitio\/wp-json\/wp\/v2\/categories?post=5931"},{"taxonomy":"post_tag","embeddable":true,"href":"https:\/\/eldiariodesanpedro.com.ar\/sitio\/wp-json\/wp\/v2\/tags?post=5931"}],"curies":[{"name":"wp","href":"https:\/\/api.w.org\/{rel}","templated":true}]}}