{"id":59307,"date":"2019-09-03T18:25:38","date_gmt":"2019-09-03T21:25:38","guid":{"rendered":"https:\/\/eldiariodesanpedro.com.ar\/sitio\/?p=59307"},"modified":"2019-09-03T18:25:58","modified_gmt":"2019-09-03T21:25:58","slug":"gdor-castro-ordenaron-la-captura-internacional-de-dos-profugos","status":"publish","type":"post","link":"https:\/\/eldiariodesanpedro.com.ar\/sitio\/gdor-castro-ordenaron-la-captura-internacional-de-dos-profugos\/","title":{"rendered":"Gdor. Castro: Ordenaron la captura internacional de dos pr\u00f3fugos"},"content":{"rendered":"<!-- VideographyWP Plugin Message: Automatic video embedding prevented by plugin options. -->\n\n<p>Se trata de dos personas oriundas de San Nicol\u00e1s que fueron citadas por los testigos como participantes de la golpiza que le produjo la muerte a quien hab\u00eda sido denunciado por abuso. Por esta misma causa hay tres detenidos.<\/p>\n\n\n\n<p>La fiscal Viviana Ramos solicit\u00f3 la captura internacional de dos de los cinco imputados por el homicidio de Manuel Romero, el hombre de 36 a\u00f1os que hab\u00eda sido denunciado por un presunto caso de abuso sexual en Gobernador Castro.<\/p>\n\n\n\n<p>La medida involucra a N\u00e9stor Fabi\u00e1n Laurito de 34 a\u00f1os y domiciliado en la localidad de La Emilia, partido de San Nicol\u00e1s; y Carlos Alejandro Cuello de 31 a\u00f1os tambi\u00e9n oriundo de La Emilia.<\/p>\n\n\n\n<p>La polic\u00eda efectu\u00f3 varios operativos pero a\u00fan no se pudo dar con ellos, una de las medidas incluy\u00f3 la jornada electoral del pasado 11 de agosto cu\u00e1ndo una comisi\u00f3n policial aguard\u00f3 la posible llegada de los acusados a las escuelas en donde deb\u00edan votar y as\u00ed lograr su captura pero ninguno de los dos se hizo presente y permanecen sin dar se\u00f1ales de vida.<\/p>\n\n\n\n<p>En el caso de Laurito la propia fiscal Viviana Ramos expres\u00f3 que un abogado particular se hab\u00eda presentado como su abogado defensor y se interioriz\u00f3 sobre la causa y hasta desliz\u00f3 la posibilidad de que el sospechoso se entregar\u00e1 pero no sucedi\u00f3, por otro lado la propia letrada asever\u00f3 que el acusado habr\u00eda contado con \u201cayuda\u201d qu\u00e9 le permiti\u00f3 escapar y a\u00fan no ser encontrado.<\/p>\n\n\n\n<p>SAN PEDRO INFORMA<\/p>\n\n\n\n<p><br><\/p>\n","protected":false},"excerpt":{"rendered":"<p>Se trata de dos personas oriundas de San Nicol\u00e1s que fueron citadas por los testigos como participantes de la golpiza que le produjo la muerte a quien hab\u00eda sido denunciado por abuso. Por esta misma causa hay tres detenidos. La fiscal Viviana Ramos solicit\u00f3 la captura internacional de dos de los cinco imputados por el [&hellip;]<\/p>\n","protected":false},"author":4,"featured_media":59308,"comment_status":"open","ping_status":"closed","sticky":false,"template":"","format":"standard","meta":{"om_disable_all_campaigns":false,"_jetpack_memberships_contains_paid_content":false,"footnotes":""},"categories":[50,2,103],"tags":[],"class_list":["post-59307","post","type-post","status-publish","format-standard","has-post-thumbnail","hentry","category-destacadas","category-locales","category-policiales-locales"],"aioseo_notices":[],"gutentor_comment":0,"jetpack_featured_media_url":"https:\/\/eldiariodesanpedro.com.ar\/sitio\/wp-content\/uploads\/2019\/09\/000079564.jpg","jetpack_shortlink":"https:\/\/wp.me\/p6RhLt-fqz","jetpack_sharing_enabled":true,"_links":{"self":[{"href":"https:\/\/eldiariodesanpedro.com.ar\/sitio\/wp-json\/wp\/v2\/posts\/59307","targetHints":{"allow":["GET"]}}],"collection":[{"href":"https:\/\/eldiariodesanpedro.com.ar\/sitio\/wp-json\/wp\/v2\/posts"}],"about":[{"href":"https:\/\/eldiariodesanpedro.com.ar\/sitio\/wp-json\/wp\/v2\/types\/post"}],"author":[{"embeddable":true,"href":"https:\/\/eldiariodesanpedro.com.ar\/sitio\/wp-json\/wp\/v2\/users\/4"}],"replies":[{"embeddable":true,"href":"https:\/\/eldiariodesanpedro.com.ar\/sitio\/wp-json\/wp\/v2\/comments?post=59307"}],"version-history":[{"count":2,"href":"https:\/\/eldiariodesanpedro.com.ar\/sitio\/wp-json\/wp\/v2\/posts\/59307\/revisions"}],"predecessor-version":[{"id":59310,"href":"https:\/\/eldiariodesanpedro.com.ar\/sitio\/wp-json\/wp\/v2\/posts\/59307\/revisions\/59310"}],"wp:featuredmedia":[{"embeddable":true,"href":"https:\/\/eldiariodesanpedro.com.ar\/sitio\/wp-json\/wp\/v2\/media\/59308"}],"wp:attachment":[{"href":"https:\/\/eldiariodesanpedro.com.ar\/sitio\/wp-json\/wp\/v2\/media?parent=59307"}],"wp:term":[{"taxonomy":"category","embeddable":true,"href":"https:\/\/eldiariodesanpedro.com.ar\/sitio\/wp-json\/wp\/v2\/categories?post=59307"},{"taxonomy":"post_tag","embeddable":true,"href":"https:\/\/eldiariodesanpedro.com.ar\/sitio\/wp-json\/wp\/v2\/tags?post=59307"}],"curies":[{"name":"wp","href":"https:\/\/api.w.org\/{rel}","templated":true}]}}