{"id":59301,"date":"2019-09-03T17:30:32","date_gmt":"2019-09-03T20:30:32","guid":{"rendered":"https:\/\/eldiariodesanpedro.com.ar\/sitio\/?p=59301"},"modified":"2019-09-03T17:30:39","modified_gmt":"2019-09-03T20:30:39","slug":"inta-san-pedro-presentan-proyecto-internacional-sobre-hlb","status":"publish","type":"post","link":"https:\/\/eldiariodesanpedro.com.ar\/sitio\/inta-san-pedro-presentan-proyecto-internacional-sobre-hlb\/","title":{"rendered":"INTA SAN PEDRO: Presentan proyecto internacional sobre HLB"},"content":{"rendered":"<!-- VideographyWP Plugin Message: Automatic video embedding prevented by plugin options. -->\n\n<p>El mi\u00e9rcoles 4 de septiembre tendr\u00e1 lugar la presentaci\u00f3n oficial del proyecto FONTAGRO que busca proteger nuestra zona del avance de HLB en la citricultura. \u201cTodos juntos para proteger nuestros c\u00edtricos\u201d, resume la clave participaci\u00f3n de las C\u00e1maras de Productores y Viveristas, Municipalidad, provincia de Buenos Aires, Asociaci\u00f3n de Ingenieros Agron\u00f3mos, INASE, SENASA y tambi\u00e9n las escuelas agropecuarias de la regi\u00f3n, en torno al problema. <\/p>\n\n\n\n<p>\u201cControl sustentable del vector de HLB en la Agricultura Familiar en Argentina, Uruguay, Paraguay y Bolivia\u201d se presenta ma\u00f1ana en el lote demostrativo de naranja de ombligo elegido para llevar adelante las actividades que buscan alcanzar \u00f3ptimos rendimientos en la producci\u00f3n de San Pedro. \u201cQueremos compartir con la comunidad sobre la importancia del tema y la fortaleza que significa  realizar un trabajo interinstitucional con los integrantes involucrados en el tema\u201d, expres\u00f3 Norberto Angel, referente de FONTAGRO por INTA.<\/p>\n\n\n\n<p>El foco est\u00e1 puesto en la prevenci\u00f3n del HLB, una enfermedad peligrosa que ataca a los c\u00edtricos provocando hasta la muerte de la planta. Si bien no afecta a la salud humana, los desastres causados por esta enfermedad involucran p\u00e9rdidas irreparables en la producci\u00f3n, por lo que es importante conocer el aporte que la comunidad puede hacer al respecto. \u201cEste debe ser un verdadero lote demostrativo, donde adem\u00e1s de poner foco en la prevenci\u00f3n del ingreso del HLB,  todos pongamos lo mejor de nuestras capacidades y podamos demostrar la potencialidad de nuestra citricultura como econom\u00eda regional. La idea es que todos los participantes nos apropiemos de este proyecto que es una herramienta puesta a disposici\u00f3n de la citricultura; que la tomemos como propia opinando, articulando y participando. El concepto b\u00e1sico es que este proyecto debe tener como componente central ser participativo en la toma de decisiones y en la ejecuci\u00f3n de acciones\u201d.<\/p>\n\n\n\n<p>Si bien San Pedro a\u00fan es zona libre del vector y la enfermedad, el proyecto insiste en alertar sobre el avance de HLB en la regi\u00f3n y el pa\u00eds, y para ello propone adaptar, difundir y concientizar la tecnolog\u00eda del Manejo Integrado de Plagas y Enfermedades (MIP) en el control del vector del HLB de los c\u00edtricos en la agricultura familiar en los 4 pa\u00edses involucrados. El FONTAGRO es una alianza de pa\u00edses establecida para financiar investigaci\u00f3n e innovaci\u00f3n cient\u00edfica y tecnol\u00f3gica en el sector agropecuario. El Fondo contribuye entre otras cosas al aumento de la competitividad de las cadenas agroalimentarias y al manejo sustentable de los recursos naturales en Am\u00e9rica Latina y el Caribe. El Banco Interamericano de Desarrollo y el Instituto Interamericano de Cooperaci\u00f3n para la Agricultura son los patrocinadores del FONTAGRO.<\/p>\n","protected":false},"excerpt":{"rendered":"<p>El mi\u00e9rcoles 4 de septiembre tendr\u00e1 lugar la presentaci\u00f3n oficial del proyecto FONTAGRO que busca proteger nuestra zona del avance de HLB en la citricultura. \u201cTodos juntos para proteger nuestros c\u00edtricos\u201d, resume la clave participaci\u00f3n de las C\u00e1maras de Productores y Viveristas, Municipalidad, provincia de Buenos Aires, Asociaci\u00f3n de Ingenieros Agron\u00f3mos, INASE, SENASA y tambi\u00e9n [&hellip;]<\/p>\n","protected":false},"author":4,"featured_media":59302,"comment_status":"open","ping_status":"closed","sticky":false,"template":"","format":"standard","meta":{"om_disable_all_campaigns":false,"_jetpack_memberships_contains_paid_content":false,"footnotes":""},"categories":[101,2],"tags":[],"class_list":["post-59301","post","type-post","status-publish","format-standard","has-post-thumbnail","hentry","category-interes-general-locales","category-locales"],"aioseo_notices":[],"gutentor_comment":0,"jetpack_featured_media_url":"https:\/\/eldiariodesanpedro.com.ar\/sitio\/wp-content\/uploads\/2019\/09\/unnamed-1.jpg","jetpack_shortlink":"https:\/\/wp.me\/p6RhLt-fqt","jetpack_sharing_enabled":true,"_links":{"self":[{"href":"https:\/\/eldiariodesanpedro.com.ar\/sitio\/wp-json\/wp\/v2\/posts\/59301","targetHints":{"allow":["GET"]}}],"collection":[{"href":"https:\/\/eldiariodesanpedro.com.ar\/sitio\/wp-json\/wp\/v2\/posts"}],"about":[{"href":"https:\/\/eldiariodesanpedro.com.ar\/sitio\/wp-json\/wp\/v2\/types\/post"}],"author":[{"embeddable":true,"href":"https:\/\/eldiariodesanpedro.com.ar\/sitio\/wp-json\/wp\/v2\/users\/4"}],"replies":[{"embeddable":true,"href":"https:\/\/eldiariodesanpedro.com.ar\/sitio\/wp-json\/wp\/v2\/comments?post=59301"}],"version-history":[{"count":1,"href":"https:\/\/eldiariodesanpedro.com.ar\/sitio\/wp-json\/wp\/v2\/posts\/59301\/revisions"}],"predecessor-version":[{"id":59303,"href":"https:\/\/eldiariodesanpedro.com.ar\/sitio\/wp-json\/wp\/v2\/posts\/59301\/revisions\/59303"}],"wp:featuredmedia":[{"embeddable":true,"href":"https:\/\/eldiariodesanpedro.com.ar\/sitio\/wp-json\/wp\/v2\/media\/59302"}],"wp:attachment":[{"href":"https:\/\/eldiariodesanpedro.com.ar\/sitio\/wp-json\/wp\/v2\/media?parent=59301"}],"wp:term":[{"taxonomy":"category","embeddable":true,"href":"https:\/\/eldiariodesanpedro.com.ar\/sitio\/wp-json\/wp\/v2\/categories?post=59301"},{"taxonomy":"post_tag","embeddable":true,"href":"https:\/\/eldiariodesanpedro.com.ar\/sitio\/wp-json\/wp\/v2\/tags?post=59301"}],"curies":[{"name":"wp","href":"https:\/\/api.w.org\/{rel}","templated":true}]}}