{"id":59294,"date":"2019-09-03T12:25:05","date_gmt":"2019-09-03T15:25:05","guid":{"rendered":"https:\/\/eldiariodesanpedro.com.ar\/sitio\/?p=59294"},"modified":"2019-09-03T12:25:09","modified_gmt":"2019-09-03T15:25:09","slug":"ramallo-el-intendente-visito-el-frigorifico-arre-beef","status":"publish","type":"post","link":"https:\/\/eldiariodesanpedro.com.ar\/sitio\/ramallo-el-intendente-visito-el-frigorifico-arre-beef\/","title":{"rendered":"RAMALLO | El Intendente visit\u00f3 el frigor\u00edfico Arre Beef"},"content":{"rendered":"<!-- VideographyWP Plugin Message: Automatic video embedding prevented by plugin options. -->\n\n<p>\n\nDurante la ma\u00f1ana del viernes 30, el mandatario local Mauro Poletti, junto al Delegado Municipal de P\u00e9rez Mill\u00e1n, Federico Floco y el Secretario de Obras y Servicios P\u00fablicos, Leandro Torri, llev\u00f3 a cabo una importante visita al Frigor\u00edfico Arrebeef.<\/p>\n\n\n\n<p>Mantuvieron una reuni\u00f3n con los due\u00f1os y directivos del frigor\u00edfico donde dialogaron sobre la situaci\u00f3n de la empresa. Luego recorrieron sus instalaciones para observar los avances y el crecimiento de esta importante empresa del Partido de Ramallo. <\/p>\n\n\n\n<p>Fuente:  Prensa Municipalidad de Ramallo. <\/p>\n","protected":false},"excerpt":{"rendered":"<p>Durante la ma\u00f1ana del viernes 30, el mandatario local Mauro Poletti, junto al Delegado Municipal de P\u00e9rez Mill\u00e1n, Federico Floco y el Secretario de Obras y Servicios P\u00fablicos, Leandro Torri, llev\u00f3 a cabo una importante visita al Frigor\u00edfico Arrebeef. Mantuvieron una reuni\u00f3n con los due\u00f1os y directivos del frigor\u00edfico donde dialogaron sobre la situaci\u00f3n de [&hellip;]<\/p>\n","protected":false},"author":4,"featured_media":59295,"comment_status":"open","ping_status":"closed","sticky":false,"template":"","format":"standard","meta":{"om_disable_all_campaigns":false,"_jetpack_memberships_contains_paid_content":false,"footnotes":""},"categories":[621],"tags":[],"class_list":["post-59294","post","type-post","status-publish","format-standard","has-post-thumbnail","hentry","category-regionales"],"aioseo_notices":[],"gutentor_comment":0,"jetpack_featured_media_url":"https:\/\/eldiariodesanpedro.com.ar\/sitio\/wp-content\/uploads\/2019\/09\/resize_1567260277.jpg","jetpack_shortlink":"https:\/\/wp.me\/p6RhLt-fqm","jetpack_sharing_enabled":true,"_links":{"self":[{"href":"https:\/\/eldiariodesanpedro.com.ar\/sitio\/wp-json\/wp\/v2\/posts\/59294","targetHints":{"allow":["GET"]}}],"collection":[{"href":"https:\/\/eldiariodesanpedro.com.ar\/sitio\/wp-json\/wp\/v2\/posts"}],"about":[{"href":"https:\/\/eldiariodesanpedro.com.ar\/sitio\/wp-json\/wp\/v2\/types\/post"}],"author":[{"embeddable":true,"href":"https:\/\/eldiariodesanpedro.com.ar\/sitio\/wp-json\/wp\/v2\/users\/4"}],"replies":[{"embeddable":true,"href":"https:\/\/eldiariodesanpedro.com.ar\/sitio\/wp-json\/wp\/v2\/comments?post=59294"}],"version-history":[{"count":1,"href":"https:\/\/eldiariodesanpedro.com.ar\/sitio\/wp-json\/wp\/v2\/posts\/59294\/revisions"}],"predecessor-version":[{"id":59296,"href":"https:\/\/eldiariodesanpedro.com.ar\/sitio\/wp-json\/wp\/v2\/posts\/59294\/revisions\/59296"}],"wp:featuredmedia":[{"embeddable":true,"href":"https:\/\/eldiariodesanpedro.com.ar\/sitio\/wp-json\/wp\/v2\/media\/59295"}],"wp:attachment":[{"href":"https:\/\/eldiariodesanpedro.com.ar\/sitio\/wp-json\/wp\/v2\/media?parent=59294"}],"wp:term":[{"taxonomy":"category","embeddable":true,"href":"https:\/\/eldiariodesanpedro.com.ar\/sitio\/wp-json\/wp\/v2\/categories?post=59294"},{"taxonomy":"post_tag","embeddable":true,"href":"https:\/\/eldiariodesanpedro.com.ar\/sitio\/wp-json\/wp\/v2\/tags?post=59294"}],"curies":[{"name":"wp","href":"https:\/\/api.w.org\/{rel}","templated":true}]}}