{"id":59290,"date":"2019-09-03T12:23:53","date_gmt":"2019-09-03T15:23:53","guid":{"rendered":"https:\/\/eldiariodesanpedro.com.ar\/sitio\/?p=59290"},"modified":"2019-09-03T12:23:58","modified_gmt":"2019-09-03T15:23:58","slug":"campana-tenaris-entrego-mas-de-3-millones-de-pesos-en-credito-fiscal-a-instituciones-de-formacion-tecnica","status":"publish","type":"post","link":"https:\/\/eldiariodesanpedro.com.ar\/sitio\/campana-tenaris-entrego-mas-de-3-millones-de-pesos-en-credito-fiscal-a-instituciones-de-formacion-tecnica\/","title":{"rendered":"CAMPANA | Tenaris entreg\u00f3 m\u00e1s de 3 millones de pesos en cr\u00e9dito fiscal a instituciones de formaci\u00f3n t\u00e9cnica"},"content":{"rendered":"<!-- VideographyWP Plugin Message: Automatic video embedding prevented by plugin options. -->\n\n<p> Fue en conjunto con el Consejo Provincial de Educaci\u00f3n y Trabajo (COPRET). Los fondos permitir\u00e1n concretar proyectos de adquisici\u00f3n de equipamiento tecnol\u00f3gico, renovaci\u00f3n de insumos y fortalecimientode actividades de capacitaci\u00f3n. Entre los establecimientos beneficiarios, est\u00e1n las escuelas secundarias t\u00e9cnicas N\u00ba1 y 2 de Campana, y N\u00ba2 y 4 de Z\u00e1rate. <\/p>\n\n\n\n<p>\n\nHace tres a\u00f1os el partido bonaerense de Florentino Ameghino inaugur\u00f3 su primera escuela t\u00e9cnica, a la que a diario asisten 60 estudiantes para cursar la especialidad Electromec\u00e1nica y que dispone de un solo torno para la pr\u00e1ctica en talleres. Pero a partir del cr\u00e9dito fiscal por 700 mil pesos entregado por Tenaris y el Consejo Provincial de Educaci\u00f3n y Trabajo (COPRET), sus directivos planean incorporar dos nuevos equipos de mecanizado de \u00faltima generaci\u00f3n.<\/p>\n\n\n\n<p>Fueron seis los establecimientos de formaci\u00f3n t\u00e9cnica beneficiados con un total de $3.100.000, cifra repartida de acuerdo a las necesidades de cada instituci\u00f3n y cuyos cheques fueron entregados este lunes en la universidad corporativa de Tenaris, durante un evento del que participaron Gast\u00f3n Garc\u00eda, de COPRET; Mart\u00edn Aquino, presidente del Consejo Escolar de Campana; Luis Grieco, gerente de Relaciones con la Comunidad de Tenaris; y directivos de las instituciones receptoras del cr\u00e9dito fiscal: las escuelas secundarias t\u00e9cnicas N\u00ba1 y 2 de Campana, N\u00ba2 y 4 de Z\u00e1rate, N\u00ba1 de Florentino Ameghino y el Centro de Formaci\u00f3n Profesional N\u00ba405 de La Matanza.<\/p>\n\n\n\n<p>\u201cGracias a los recursos que hemos recibidos provenientes de cr\u00e9dito fiscal, primero de Toyota y despu\u00e9s de Tenaris, podemos decir que tenemos bien equipados nuestros talleres. Con este nuevo aporte, vamos a montar bancos de trabajo el\u00e9ctricos y adquirir plotter y otros equipos para el desarrollo con planos\u201d, comparti\u00f3 Marita Andreini, directora de la EST N\u00ba2 de Campana, que ofrece las especialidades Electricidad y Maestro Mayor de Obras y recibi\u00f3 1 mill\u00f3n de pesos de fondos.<\/p>\n\n\n\n<p>Por su parte, el director de la EST N\u00ba4 de Z\u00e1rate, Mario P\u00e9rez, adelant\u00f3 que los 300 mil pesos de cr\u00e9dito fiscal obtenidos \u201cser\u00e1n destinados a la compra de equipos de metrolog\u00eda -calibres digitales y mec\u00e1nicos, dur\u00f3metros- y de hardware para el trabajo de dise\u00f1o asistido en programas como Rhinocero y Autocad\u201d. El establecimiento, que funciona dentro del Arsenal Naval, posee orientaci\u00f3n en Electromec\u00e1nica.<\/p>\n\n\n\n<p>En tanto, la EST N\u00ba1 de Campana usar\u00e1 los fondos para mejorar equipamiento y adquirir insumos destinados a los talleres de sus especialidades Qu\u00edmica, Electr\u00f3nica, Electromec\u00e1nica y Programaci\u00f3n; la EST N\u00ba2 de Z\u00e1rate los invertir\u00e1 en capacitaci\u00f3n y equipos de ense\u00f1anza de neum\u00e1tica y electroneum\u00e1tica; y el CFP N\u00ba405 de La Matanza tiene planeado volverlos en su extenso programa de capacitaci\u00f3n, por el que pasan 600 alumnos al a\u00f1o.<\/p>\n\n\n\n<p>A trav\u00e9s del R\u00e9gimen de Cr\u00e9dito Fiscal, el COPRET financia acciones de capacitaci\u00f3n y adquisici\u00f3n de equipamiento con destino en las escuelas ubicadas en el territorio bonaerense, para la ejecuci\u00f3n de proyectos que vinculen la educaci\u00f3n con el mundo del trabajo.<\/p>\n\n\n\n<p>Tenaris hizo entrega de los fondos en el marco de su programa de fortalecimiento educativo GEN T\u00e9cnico que -adem\u00e1s de las Pr\u00e1cticas Profesionalizantes en su planta Campana, el desarrollo de proyectos tecnol\u00f3gicos, capacitaciones, la jornada de integraci\u00f3n Tecnoaventura y el Proyecto Matem\u00e1tica-, incluye inversi\u00f3n en infraestructura escolar para mejorar las condiciones de ense\u00f1anza y aprendizaje t\u00e9cnico.\u00a0 <\/p>\n\n\n\n<p>Fuente: Campana Noticias<\/p>\n\n\n\n<figure class=\"wp-block-image\"><img decoding=\"async\" width=\"910\" height=\"307\" data-attachment-id=\"59292\" data-permalink=\"https:\/\/eldiariodesanpedro.com.ar\/sitio\/campana-tenaris-entrego-mas-de-3-millones-de-pesos-en-credito-fiscal-a-instituciones-de-formacion-tecnica\/attachment\/20190903091820\/\" data-orig-file=\"https:\/\/eldiariodesanpedro.com.ar\/sitio\/wp-content\/uploads\/2019\/09\/20190903091820.jpg\" data-orig-size=\"910,307\" data-comments-opened=\"1\" data-image-meta=\"{&quot;aperture&quot;:&quot;4&quot;,&quot;credit&quot;:&quot;&quot;,&quot;camera&quot;:&quot;NIKON D610&quot;,&quot;caption&quot;:&quot;&quot;,&quot;created_timestamp&quot;:&quot;1567421671&quot;,&quot;copyright&quot;:&quot;&quot;,&quot;focal_length&quot;:&quot;32&quot;,&quot;iso&quot;:&quot;640&quot;,&quot;shutter_speed&quot;:&quot;0.016666666666667&quot;,&quot;title&quot;:&quot;&quot;,&quot;orientation&quot;:&quot;0&quot;}\" data-image-title=\"20190903091820\" data-image-description=\"\" data-image-caption=\"\" data-large-file=\"https:\/\/eldiariodesanpedro.com.ar\/sitio\/wp-content\/uploads\/2019\/09\/20190903091820.jpg\" data-src=\"https:\/\/eldiariodesanpedro.com.ar\/sitio\/wp-content\/uploads\/2019\/09\/20190903091820.jpg\" alt=\"\" class=\"wp-image-59292 lazyload\" data-srcset=\"https:\/\/eldiariodesanpedro.com.ar\/sitio\/wp-content\/uploads\/2019\/09\/20190903091820.jpg 910w, https:\/\/eldiariodesanpedro.com.ar\/sitio\/wp-content\/uploads\/2019\/09\/20190903091820-300x101.jpg 300w, https:\/\/eldiariodesanpedro.com.ar\/sitio\/wp-content\/uploads\/2019\/09\/20190903091820-768x259.jpg 768w\" data-sizes=\"(max-width: 910px) 100vw, 910px\" src=\"data:image\/svg+xml;base64,PHN2ZyB3aWR0aD0iMSIgaGVpZ2h0PSIxIiB4bWxucz0iaHR0cDovL3d3dy53My5vcmcvMjAwMC9zdmciPjwvc3ZnPg==\" style=\"--smush-placeholder-width: 910px; --smush-placeholder-aspect-ratio: 910\/307;\" \/><\/figure>\n","protected":false},"excerpt":{"rendered":"<p>Fue en conjunto con el Consejo Provincial de Educaci\u00f3n y Trabajo (COPRET). Los fondos permitir\u00e1n concretar proyectos de adquisici\u00f3n de equipamiento tecnol\u00f3gico, renovaci\u00f3n de insumos y fortalecimientode actividades de capacitaci\u00f3n. Entre los establecimientos beneficiarios, est\u00e1n las escuelas secundarias t\u00e9cnicas N\u00ba1 y 2 de Campana, y N\u00ba2 y 4 de Z\u00e1rate. Hace tres a\u00f1os el partido [&hellip;]<\/p>\n","protected":false},"author":4,"featured_media":59291,"comment_status":"open","ping_status":"closed","sticky":false,"template":"","format":"standard","meta":{"om_disable_all_campaigns":false,"_jetpack_memberships_contains_paid_content":false,"footnotes":""},"categories":[621],"tags":[],"class_list":["post-59290","post","type-post","status-publish","format-standard","has-post-thumbnail","hentry","category-regionales"],"aioseo_notices":[],"gutentor_comment":0,"jetpack_featured_media_url":"https:\/\/eldiariodesanpedro.com.ar\/sitio\/wp-content\/uploads\/2019\/09\/20190903091918.jpg","jetpack_shortlink":"https:\/\/wp.me\/p6RhLt-fqi","jetpack_sharing_enabled":true,"_links":{"self":[{"href":"https:\/\/eldiariodesanpedro.com.ar\/sitio\/wp-json\/wp\/v2\/posts\/59290","targetHints":{"allow":["GET"]}}],"collection":[{"href":"https:\/\/eldiariodesanpedro.com.ar\/sitio\/wp-json\/wp\/v2\/posts"}],"about":[{"href":"https:\/\/eldiariodesanpedro.com.ar\/sitio\/wp-json\/wp\/v2\/types\/post"}],"author":[{"embeddable":true,"href":"https:\/\/eldiariodesanpedro.com.ar\/sitio\/wp-json\/wp\/v2\/users\/4"}],"replies":[{"embeddable":true,"href":"https:\/\/eldiariodesanpedro.com.ar\/sitio\/wp-json\/wp\/v2\/comments?post=59290"}],"version-history":[{"count":1,"href":"https:\/\/eldiariodesanpedro.com.ar\/sitio\/wp-json\/wp\/v2\/posts\/59290\/revisions"}],"predecessor-version":[{"id":59293,"href":"https:\/\/eldiariodesanpedro.com.ar\/sitio\/wp-json\/wp\/v2\/posts\/59290\/revisions\/59293"}],"wp:featuredmedia":[{"embeddable":true,"href":"https:\/\/eldiariodesanpedro.com.ar\/sitio\/wp-json\/wp\/v2\/media\/59291"}],"wp:attachment":[{"href":"https:\/\/eldiariodesanpedro.com.ar\/sitio\/wp-json\/wp\/v2\/media?parent=59290"}],"wp:term":[{"taxonomy":"category","embeddable":true,"href":"https:\/\/eldiariodesanpedro.com.ar\/sitio\/wp-json\/wp\/v2\/categories?post=59290"},{"taxonomy":"post_tag","embeddable":true,"href":"https:\/\/eldiariodesanpedro.com.ar\/sitio\/wp-json\/wp\/v2\/tags?post=59290"}],"curies":[{"name":"wp","href":"https:\/\/api.w.org\/{rel}","templated":true}]}}