{"id":59287,"date":"2019-09-03T12:21:57","date_gmt":"2019-09-03T15:21:57","guid":{"rendered":"https:\/\/eldiariodesanpedro.com.ar\/sitio\/?p=59287"},"modified":"2019-09-03T12:22:01","modified_gmt":"2019-09-03T15:22:01","slug":"campana-a-seis-meses-de-inaugurado-el-secundario-de-la-carcel-modelo-esta-en-crisis","status":"publish","type":"post","link":"https:\/\/eldiariodesanpedro.com.ar\/sitio\/campana-a-seis-meses-de-inaugurado-el-secundario-de-la-carcel-modelo-esta-en-crisis\/","title":{"rendered":"CAMPANA | A seis meses de inaugurado, el secundario de la \u201cc\u00e1rcel modelo\u201d est\u00e1 en crisis"},"content":{"rendered":"<!-- VideographyWP Plugin Message: Automatic video embedding prevented by plugin options. -->\n\n<p><strong>Sin sala de computaci\u00f3n ni biblioteca, con docentes superexplotados y sin cobrar.<\/strong><\/p>\n\n\n\n<p>En febrero, Mar\u00eda Eugenia Vidal inaugur\u00f3 la Unidad Penitenciaria n\u00b0 57 en la localidad de Campana, para j\u00f3venes que han cometido delitos contra la propiedad y transitan su primera condena, presentada por la gobernadora y su ministro de Justicia Gustavo Ferrari como una \u201cc\u00e1rcel modelo\u201d por estar totalmente enfocada en la educaci\u00f3n y la formaci\u00f3n integral de los j\u00f3venes detenidos.<\/p>\n\n\n\n<p>A solo seis meses, el Centro Educativo de Nivel Secundario (CENS) que funciona all\u00ed, n\u00b0 456, se encuentra en una situaci\u00f3n insostenible.<\/p>\n\n\n\n<p>El CENS no cuenta ni con sala de computaci\u00f3n ni con biblioteca, que por ser imprescindibles para la tarea educativa se est\u00e1n armando con la buena voluntad del equipo docente y directivo.<\/p>\n\n\n\n<p>El edificio de la escuela est\u00e1 dividido en 4 m\u00f3dulos independientes con tres aulas cada uno, por lo cual resulta imprescindible la presencia de un preceptor por m\u00f3dulo. Pero hasta el d\u00eda de hoy, con tres m\u00f3dulos funcionando y m\u00e1s de 30 alumnos por curso -un total de 270 estudiantes- solo contamos con un preceptor. El Director, por su parte, est\u00e1 \u201cde prestado\u201d de otro CENS, organizando una escuela de cero, todo por el mismo precio.<\/p>\n\n\n\n<p>El Estado superexplota a sus trabajadores docentes, mientras que, al igual que en todas las escuelas bonaerenses, hay enormes problemas para cobrar las horas y cargos.<\/p>\n\n\n\n<p>Los docentes somos responsables de la integridad de nuestros alumnos pero tambi\u00e9n debemos dar clases, con la complejidad que conlleva esta tarea. Hay muchos momentos en que ambas tareas resultan incompatibles, y el vernos obligados a llevar ambas tareas resulta en desmedro de la calidad del acto educativo. Se vulnera el derecho de los estudiantes a una buena educaci\u00f3n y se vulneran los derechos nuestros como trabajadores.<\/p>\n\n\n\n<p>Por todo esto, los docentes del CENS n\u00b0 456 exigimos el nombramiento de todos los cargos, el cobro de todas las horas y cargos adeudados y que se garantice el mobiliario propio y de uso exclusivo de la escuela.<\/p>\n\n\n\n<p>Tanto la gobernadora Vidal como Gabriel S\u00e1nchez Zinny (ministro de Educaci\u00f3n bonaerense), Pedro Schiuma (Director Provincial de la Modalidad Adultos), Rub\u00e9n Luna (Coordinador Provincial del Programa de Educaci\u00f3n en Contexto de Encierro) y los inspectores regional, distrital y de \u00e1rea son responsables de esta situaci\u00f3n que se ha tornado insostenible.<\/p>\n\n\n\n<p><strong>Fuente:&nbsp;<\/strong>Noticias Z\u00e1rate Alerta&nbsp;\n\n<\/p>\n","protected":false},"excerpt":{"rendered":"<p>Sin sala de computaci\u00f3n ni biblioteca, con docentes superexplotados y sin cobrar. En febrero, Mar\u00eda Eugenia Vidal inaugur\u00f3 la Unidad Penitenciaria n\u00b0 57 en la localidad de Campana, para j\u00f3venes que han cometido delitos contra la propiedad y transitan su primera condena, presentada por la gobernadora y su ministro de Justicia Gustavo Ferrari como una [&hellip;]<\/p>\n","protected":false},"author":4,"featured_media":59288,"comment_status":"open","ping_status":"closed","sticky":false,"template":"","format":"standard","meta":{"om_disable_all_campaigns":false,"_jetpack_memberships_contains_paid_content":false,"footnotes":""},"categories":[621],"tags":[],"class_list":["post-59287","post","type-post","status-publish","format-standard","has-post-thumbnail","hentry","category-regionales"],"aioseo_notices":[],"gutentor_comment":0,"jetpack_featured_media_url":"https:\/\/eldiariodesanpedro.com.ar\/sitio\/wp-content\/uploads\/2019\/09\/5c62e47287ffb_1004x565.jpg","jetpack_shortlink":"https:\/\/wp.me\/p6RhLt-fqf","jetpack_sharing_enabled":true,"_links":{"self":[{"href":"https:\/\/eldiariodesanpedro.com.ar\/sitio\/wp-json\/wp\/v2\/posts\/59287","targetHints":{"allow":["GET"]}}],"collection":[{"href":"https:\/\/eldiariodesanpedro.com.ar\/sitio\/wp-json\/wp\/v2\/posts"}],"about":[{"href":"https:\/\/eldiariodesanpedro.com.ar\/sitio\/wp-json\/wp\/v2\/types\/post"}],"author":[{"embeddable":true,"href":"https:\/\/eldiariodesanpedro.com.ar\/sitio\/wp-json\/wp\/v2\/users\/4"}],"replies":[{"embeddable":true,"href":"https:\/\/eldiariodesanpedro.com.ar\/sitio\/wp-json\/wp\/v2\/comments?post=59287"}],"version-history":[{"count":1,"href":"https:\/\/eldiariodesanpedro.com.ar\/sitio\/wp-json\/wp\/v2\/posts\/59287\/revisions"}],"predecessor-version":[{"id":59289,"href":"https:\/\/eldiariodesanpedro.com.ar\/sitio\/wp-json\/wp\/v2\/posts\/59287\/revisions\/59289"}],"wp:featuredmedia":[{"embeddable":true,"href":"https:\/\/eldiariodesanpedro.com.ar\/sitio\/wp-json\/wp\/v2\/media\/59288"}],"wp:attachment":[{"href":"https:\/\/eldiariodesanpedro.com.ar\/sitio\/wp-json\/wp\/v2\/media?parent=59287"}],"wp:term":[{"taxonomy":"category","embeddable":true,"href":"https:\/\/eldiariodesanpedro.com.ar\/sitio\/wp-json\/wp\/v2\/categories?post=59287"},{"taxonomy":"post_tag","embeddable":true,"href":"https:\/\/eldiariodesanpedro.com.ar\/sitio\/wp-json\/wp\/v2\/tags?post=59287"}],"curies":[{"name":"wp","href":"https:\/\/api.w.org\/{rel}","templated":true}]}}