{"id":59282,"date":"2019-09-03T10:12:21","date_gmt":"2019-09-03T13:12:21","guid":{"rendered":"https:\/\/eldiariodesanpedro.com.ar\/sitio\/?p=59282"},"modified":"2019-09-03T10:12:26","modified_gmt":"2019-09-03T13:12:26","slug":"zarate-la-provincia-trabaja-con-municipios-del-delta-para-proteger-los-humedales-pero-zarate-no-participo","status":"publish","type":"post","link":"https:\/\/eldiariodesanpedro.com.ar\/sitio\/zarate-la-provincia-trabaja-con-municipios-del-delta-para-proteger-los-humedales-pero-zarate-no-participo\/","title":{"rendered":"Z\u00c1RATE | La Provincia trabaja con municipios del Delta para proteger los humedales pero Z\u00e1rate no particip\u00f3"},"content":{"rendered":"<!-- VideographyWP Plugin Message: Automatic video embedding prevented by plugin options. -->\n\n<p><strong>Se realiz\u00f3 en La Plata la Jornada-Taller de Ordenamiento Territorial y Uso del Suelo de las islas del Delta del Paran\u00e1, organizada por el Organismo Provincial para el Desarrollo Sostenible (OPDS), la Direcci\u00f3n Provincial de Ordenamiento Urbano y Territorial del Ministerio de Gobierno, junto a la Fundaci\u00f3n Humedales\/ Wetlands-International. Participaron los municipios del Tigre, Ramallo, Baradero, San Nicol\u00e1s, Escobar y San Fernando, y especialistas en la tem\u00e1tica. Raro que, teniendo que proteger nuestro humedal, la comuna zarate\u00f1a no figura entre los presentes en la jornada.<\/strong><\/p>\n\n\n\n<p>\u201cEste taller tiene una gran relevancia no s\u00f3lo por el tema que nos convoca sino porque es la muestra de c\u00f3mo la interacci\u00f3n entre los diferentes niveles de gobierno, la cooperaci\u00f3n entre lo p\u00fablico y lo privado, la sociedad civil, la academia y el tercer sector, son imprescindibles para poder trabajar en pos del verdadero desarrollo sostenible\u201d, afirm\u00f3 Mart\u00edn Boccacci, subsecretario de Planificaci\u00f3n Ambiental y Desarrollo Sostenible del OPDS, acompa\u00f1ado por Agust\u00edn S\u00e1nchez Sorondo, titular de la Direcci\u00f3n Provincial de Ordenamiento Urbano y Territorial.<\/p>\n\n\n\n<p> El objetivo del encuentro fue reunir aportes interdisciplinarios de expertos en humedales y de t\u00e9cnicos en gesti\u00f3n, respecto de las particularidades de las islas y su relaci\u00f3n con los usos, a los fines de considerar esta complejidad en las siguientes etapas de planificaci\u00f3n del sistema de humedales. Las conclusiones formar\u00e1n parte de un documento que permitir\u00e1 vincular los procedimientos de ordenamiento territorial a una escala regional y local, teniendo en cuenta la importancia de promover la conservaci\u00f3n, el uso y el desarrollo sustentable del Delta del Paran\u00e1. <\/p>\n\n\n\n<p>En los talleres los expertos en la materia tambi\u00e9n trabajaron los ejes \u201cUsos de los Humedales\u201d y \u201cGesti\u00f3n integral\u201d y \u201cFactores de ocupaci\u00f3n\u201d (capacidad de carga del humedal) del Delta. Por su parte, la fundaci\u00f3n present\u00f3 el Programa Corredor Azul.<\/p>\n\n\n\n<p>Adem\u00e1s, se abordaron el marco normativo, el contexto institucional, la caracterizaci\u00f3n socio ambiental y los usos productivos del Delta del Paran\u00e1 bonaerense, y la situaci\u00f3n del Ordenamiento Territorial de los municipios que lo integran (etapas en la que se encuentran, usos definidos, indicadores de uso, intensidades y ocupaci\u00f3n).<\/p>\n\n\n\n<p><strong>Fuente:&nbsp;<\/strong>El Debate&nbsp;<\/p>\n","protected":false},"excerpt":{"rendered":"<p>Se realiz\u00f3 en La Plata la Jornada-Taller de Ordenamiento Territorial y Uso del Suelo de las islas del Delta del Paran\u00e1, organizada por el Organismo Provincial para el Desarrollo Sostenible (OPDS), la Direcci\u00f3n Provincial de Ordenamiento Urbano y Territorial del Ministerio de Gobierno, junto a la Fundaci\u00f3n Humedales\/ Wetlands-International. Participaron los municipios del Tigre, Ramallo, [&hellip;]<\/p>\n","protected":false},"author":4,"featured_media":59283,"comment_status":"open","ping_status":"closed","sticky":false,"template":"","format":"standard","meta":{"om_disable_all_campaigns":false,"_jetpack_memberships_contains_paid_content":false,"footnotes":""},"categories":[621],"tags":[],"class_list":["post-59282","post","type-post","status-publish","format-standard","has-post-thumbnail","hentry","category-regionales"],"aioseo_notices":[],"gutentor_comment":0,"jetpack_featured_media_url":"https:\/\/eldiariodesanpedro.com.ar\/sitio\/wp-content\/uploads\/2019\/09\/1567350317_345_ZARATE-NO-PARTICIPO-La-Provincia-trabaja-con-municipios-del-Delta.jpg","jetpack_shortlink":"https:\/\/wp.me\/p6RhLt-fqa","jetpack_sharing_enabled":true,"_links":{"self":[{"href":"https:\/\/eldiariodesanpedro.com.ar\/sitio\/wp-json\/wp\/v2\/posts\/59282","targetHints":{"allow":["GET"]}}],"collection":[{"href":"https:\/\/eldiariodesanpedro.com.ar\/sitio\/wp-json\/wp\/v2\/posts"}],"about":[{"href":"https:\/\/eldiariodesanpedro.com.ar\/sitio\/wp-json\/wp\/v2\/types\/post"}],"author":[{"embeddable":true,"href":"https:\/\/eldiariodesanpedro.com.ar\/sitio\/wp-json\/wp\/v2\/users\/4"}],"replies":[{"embeddable":true,"href":"https:\/\/eldiariodesanpedro.com.ar\/sitio\/wp-json\/wp\/v2\/comments?post=59282"}],"version-history":[{"count":1,"href":"https:\/\/eldiariodesanpedro.com.ar\/sitio\/wp-json\/wp\/v2\/posts\/59282\/revisions"}],"predecessor-version":[{"id":59284,"href":"https:\/\/eldiariodesanpedro.com.ar\/sitio\/wp-json\/wp\/v2\/posts\/59282\/revisions\/59284"}],"wp:featuredmedia":[{"embeddable":true,"href":"https:\/\/eldiariodesanpedro.com.ar\/sitio\/wp-json\/wp\/v2\/media\/59283"}],"wp:attachment":[{"href":"https:\/\/eldiariodesanpedro.com.ar\/sitio\/wp-json\/wp\/v2\/media?parent=59282"}],"wp:term":[{"taxonomy":"category","embeddable":true,"href":"https:\/\/eldiariodesanpedro.com.ar\/sitio\/wp-json\/wp\/v2\/categories?post=59282"},{"taxonomy":"post_tag","embeddable":true,"href":"https:\/\/eldiariodesanpedro.com.ar\/sitio\/wp-json\/wp\/v2\/tags?post=59282"}],"curies":[{"name":"wp","href":"https:\/\/api.w.org\/{rel}","templated":true}]}}