{"id":59279,"date":"2019-09-03T10:07:34","date_gmt":"2019-09-03T13:07:34","guid":{"rendered":"https:\/\/eldiariodesanpedro.com.ar\/sitio\/?p=59279"},"modified":"2019-09-03T10:07:38","modified_gmt":"2019-09-03T13:07:38","slug":"san-nicolas-se-viene-el-iv-festival-internacional-de-tango-sn","status":"publish","type":"post","link":"https:\/\/eldiariodesanpedro.com.ar\/sitio\/san-nicolas-se-viene-el-iv-festival-internacional-de-tango-sn\/","title":{"rendered":"SAN NICOL\u00c1S | Se viene el IV Festival Internacional de Tango SN"},"content":{"rendered":"<!-- VideographyWP Plugin Message: Automatic video embedding prevented by plugin options. -->\n\n<p>Del 4 al 7 de septiembre se har\u00e1 la cuarta edici\u00f3n del Festival Internacional de Tango en San Nicol\u00e1s, en el Teatro Municipal. La programaci\u00f3n tendr\u00e1 una din\u00e1mica diferente a los festivales convencionales puesto que adem\u00e1s de los artistas que han comprometido su participaci\u00f3n, el festival contar\u00e1 con una impactante puesta esc\u00e9nica y de iluminaci\u00f3n y pantalla, acorde al espect\u00e1culo que ir\u00e1 a presentarse, conjuntamente con una din\u00e1mica \u00e1gil y entretenida. <\/p>\n\n\n\n<p> \u201cEste a\u00f1o tendremos alrededor de 100 artistas en escena\u201d, cuenta el reconocido cantante Leandro Ponte, organizador del festival. Se contar\u00e1 con la presencia estelar de Diego Sol\u00eds, quien fuera cantor de la orquesta del maestro H\u00e9ctor Varela junto a Jorge Falc\u00f3n realizando innumerables giras por el mundo. El cantante japon\u00e9s de larga trayectoria Roberto Sugiura con giras en toda Latinoam\u00e9rica, quien grab\u00f3 su primer disco con N\u00e9stor Marconi y Antonio Agri. La int\u00e9rprete chilena Johanna Oyaneder, gestora del tango en su pa\u00eds y Ganadora del Festival Valparatango 2013, de la ciudad de Valpara\u00edso. El eximio bailar\u00edn Fidel Guerrero, director del Isabella Tango Fest de Puerto Rico con su nueva pareja de baile Luciana Torres de Tucum\u00e1n. Los bailarines Jorge Galati y Adriana Eneb\u00fa, integrantes de la comisi\u00f3n \u00abJoven Tango\u00bb organizadora del Festival \u00abViva El Tango\u00bb de la ciudad de Montevideo Uruguay y secretarios de la Ruta Internacional del Tango. <\/p>\n\n\n\n<p> En lo que hace al orden nacional pero con trayectoria internacional, desde la ciudad de Rosario llega el Ballet de Peky Land de Tango y Folclore. Proveniente de Concepci\u00f3n, provincia de Tucum\u00e1n, tambi\u00e9n estar\u00e1 participando el cantor Nelson D\u00edaz Filippi, \u00abZorzal\u00bb del norte y la artista pl\u00e1stica Mariela Belloto. Desde la ciudad de Salta llegar\u00e1n los bailarines Jota y Roxi, ganadores del Valparatango 2018. Tambi\u00e9n participar\u00e1n el cantante Javier Migled, int\u00e9rprete reconocido de la ciudad de Rosario, Ver\u00f3nica Koufati, cantante de Capital Federal que representar\u00e1 el premio Magaldi de Casilda. Y el Tr\u00edo Tango Rosario integrado por Diego Saavedra (bandone\u00f3n), Eduardo Pedruelo (piano) y Manuel Villar (bajo el\u00e9ctrico), con 15 a\u00f1os de trayectoria representando a su ciudad por distintos pa\u00edses del mundo. <\/p>\n\n\n\n<p><strong>Los locales<\/strong> <br> En lo que hace al orden local, estar\u00e1n participando los alumnos de la academia de canto de Leandro Ponte, en un musical ideado por el mismo profesor llamado \u00abTu rostro me suena a tango\u00bb, integrado por (Liliana Imboden, Alejandro Laporta, Manuel Ponte, Silvia Franco, Mary Gonz\u00e1lez, Hern\u00e1n Leiva, Carolina Gornatti, Horacio Albarenque, Patricia Giles, Luisa Ramos, Micaela Dom\u00ednguez, Luis L\u00f3pez, Cristina Ardissono, Alberto Romani, Juan Carlos Scalvi, Marianela Ram\u00edrez Alsina, Anthony del Carril, Mar\u00eda Fernanda Guisone, Graciela Horisberger, Juan Carlos Machado, Silvia Lucero, Leticia Gorostiza, Jorge Giovanelli, Nilda Quiteros, Mari Nu\u00f1ez y Jos\u00e9 Augusto Strappa) con gui\u00f3n de Jorge Ruffini y bajo la direcci\u00f3n de V\u00edctor Sisterna. <\/p>\n\n\n\n<p> La Academia de tango \u00abAl comp\u00e1s del coraz\u00f3n\u00bb de Lorena Escobar y Gustavo Marotti. Los galardonados cantantes Laura Ricciardi (ganadora del Festival Internacional Valparatango Chile 2018), Horacio Fiorino (ganador pre La Falda 2019), Roxana Rodr\u00edguez (ganadora pre La Falda 2018) y el Cantante Ganador del Festival de la Falda 2019 Alberto Guevara. Tambi\u00e9n estar\u00e1 present\u00e1ndose el cantante y organizador de este Festival Leandro Ponte junto a \u00abDescarriau tango tr\u00edo\u00bb que integran Marcos Llopart (bandone\u00f3n), Le\u00f3n Pedrouzo (piano) y Enrique Albarrac\u00edn (Contrabajo). La presentaci\u00f3n del Festival estar\u00e1 a cargo del locutor y animador Emilio Chena.<\/p>\n\n\n\n<p>Fuente: Diario El Norte<\/p>\n","protected":false},"excerpt":{"rendered":"<p>Del 4 al 7 de septiembre se har\u00e1 la cuarta edici\u00f3n del Festival Internacional de Tango en San Nicol\u00e1s, en el Teatro Municipal. La programaci\u00f3n tendr\u00e1 una din\u00e1mica diferente a los festivales convencionales puesto que adem\u00e1s de los artistas que han comprometido su participaci\u00f3n, el festival contar\u00e1 con una impactante puesta esc\u00e9nica y de iluminaci\u00f3n [&hellip;]<\/p>\n","protected":false},"author":4,"featured_media":59280,"comment_status":"open","ping_status":"closed","sticky":false,"template":"","format":"standard","meta":{"om_disable_all_campaigns":false,"_jetpack_memberships_contains_paid_content":false,"footnotes":""},"categories":[621],"tags":[],"class_list":["post-59279","post","type-post","status-publish","format-standard","has-post-thumbnail","hentry","category-regionales"],"aioseo_notices":[],"gutentor_comment":0,"jetpack_featured_media_url":"https:\/\/eldiariodesanpedro.com.ar\/sitio\/wp-content\/uploads\/2019\/09\/0-1.jpg","jetpack_shortlink":"https:\/\/wp.me\/p6RhLt-fq7","jetpack_sharing_enabled":true,"_links":{"self":[{"href":"https:\/\/eldiariodesanpedro.com.ar\/sitio\/wp-json\/wp\/v2\/posts\/59279","targetHints":{"allow":["GET"]}}],"collection":[{"href":"https:\/\/eldiariodesanpedro.com.ar\/sitio\/wp-json\/wp\/v2\/posts"}],"about":[{"href":"https:\/\/eldiariodesanpedro.com.ar\/sitio\/wp-json\/wp\/v2\/types\/post"}],"author":[{"embeddable":true,"href":"https:\/\/eldiariodesanpedro.com.ar\/sitio\/wp-json\/wp\/v2\/users\/4"}],"replies":[{"embeddable":true,"href":"https:\/\/eldiariodesanpedro.com.ar\/sitio\/wp-json\/wp\/v2\/comments?post=59279"}],"version-history":[{"count":1,"href":"https:\/\/eldiariodesanpedro.com.ar\/sitio\/wp-json\/wp\/v2\/posts\/59279\/revisions"}],"predecessor-version":[{"id":59281,"href":"https:\/\/eldiariodesanpedro.com.ar\/sitio\/wp-json\/wp\/v2\/posts\/59279\/revisions\/59281"}],"wp:featuredmedia":[{"embeddable":true,"href":"https:\/\/eldiariodesanpedro.com.ar\/sitio\/wp-json\/wp\/v2\/media\/59280"}],"wp:attachment":[{"href":"https:\/\/eldiariodesanpedro.com.ar\/sitio\/wp-json\/wp\/v2\/media?parent=59279"}],"wp:term":[{"taxonomy":"category","embeddable":true,"href":"https:\/\/eldiariodesanpedro.com.ar\/sitio\/wp-json\/wp\/v2\/categories?post=59279"},{"taxonomy":"post_tag","embeddable":true,"href":"https:\/\/eldiariodesanpedro.com.ar\/sitio\/wp-json\/wp\/v2\/tags?post=59279"}],"curies":[{"name":"wp","href":"https:\/\/api.w.org\/{rel}","templated":true}]}}