{"id":59274,"date":"2019-09-03T09:40:56","date_gmt":"2019-09-03T12:40:56","guid":{"rendered":"https:\/\/eldiariodesanpedro.com.ar\/sitio\/?p=59274"},"modified":"2019-09-03T09:41:00","modified_gmt":"2019-09-03T12:41:00","slug":"socialismo-en-san-pedro-encabeza-la-propuesta-de-consenso-federal","status":"publish","type":"post","link":"https:\/\/eldiariodesanpedro.com.ar\/sitio\/socialismo-en-san-pedro-encabeza-la-propuesta-de-consenso-federal\/","title":{"rendered":"Socialismo en San Pedro, encabeza la propuesta de Consenso Federal"},"content":{"rendered":"<!-- VideographyWP Plugin Message: Automatic video embedding prevented by plugin options. -->\n\n<p>Frente al proceso electoral que se avecina, reafirman su compromiso de seguir con el camino que tomaron hace tiempo; una militancia basada en el trabajo, en el hacer y anclado en la realidad. <\/p>\n\n\n\n<p>Con vicisitudes de por medio, propias de todo espacio alternativo que pretende hacerse lugar en el medio de la polarizaci\u00f3n, la lista que llevaba al socialismo en la interna de Consenso Federal de San Pedro, logro triunfar con el 67,61% de los votos, &nbsp;consolidando la candidatura de Fernando Nouet (Secretario General del PS Bonaerense) a Intendente y a Karina Salvarreguy (Secretaria del PS de Segunda Secci\u00f3n Electoral), como primera Candidata a Concejal, junto a un gran equipo colectivo.<\/p>\n\n\n\n<p>Adem\u00e1s, y en consonancia con el resultado nacional y provincial, lograron &nbsp;constituirse en la tercera fuerza rumbo a octubre;&nbsp;<em>\u201ctarea nada f\u00e1cil frente a partidos que hicieron uso de sus suculentas estructuras econ\u00f3micas y de la promesa de planes, del reparto de mercader\u00edas indiscriminadamente obteniendo votantes cautivos, frente a un evidente escenario cargado de hambre, falta de trabajo, tarifas impagables entre otros factores por dem\u00e1s conocidos\u201d,&nbsp;<\/em>comenta Salvarreguy.<\/p>\n\n\n\n<p>Durante las PASO, realizaron campa\u00f1as como \u201cNo Vendas Tu Voto\u201d y \u201cCampa\u00f1a Limpia\u201dcon entrega de boleta en mano, \u00a0con gran aceptaci\u00f3n social por parte de los potenciales votantes.<\/p>\n\n\n\n<p> Actividades a las que se les suman las tareas solidarias que vienen desarrollando, como repartir guiso a los m\u00e1s carenciados, realizar ferias solidarias de vestimenta y calzado totalmente gratuito, la difusi\u00f3n y utilizaci\u00f3n de nuestros grupos en las redes sociales como \u201cCasa del Pueblo PS\u201d, \u201c Cuida el Mango PS\u201d,\u00a0 \u201cLa red de merenderos y comedores comunitarios\u201d, \u00a0la \u201cCasa del Pueblo Salud\u201d, el armado de un banco de alimentos, todo a trav\u00e9s de donaciones realizadas por vecinos de nuestra localidad.<\/p>\n\n\n\n<p>Adem\u00e1s, recientemente crearon su propio programa radial \u201cUt\u00f3picos Hoy \u201c que se transmite online y por las redes sociales.<\/p>\n\n\n\n<p>Su estrategia consiste en visibilizar mediante la acci\u00f3n, la inacci\u00f3n y desidia de los gobernantes de turno, en cuestiones desde muy importantes hasta b\u00e1sicas como el armado de una plaza o carteles de se\u00f1alizaci\u00f3n en escuelas.<\/p>\n\n\n\n<p>Nouet, expresa:&nbsp;<em>\u201cNuestra mayor fortaleza que hace que nos hayamos ganado la confianza y el respeto de los ciudadanos, es nuestro capital humano, las personas de nuestro grupo constituyen la distinci\u00f3n con las otras fuerzas; personas trabajadoras, que se capacitan, convencidas de que existe otra forma de hacer pol\u00edtica, que no vende ni traiciona, con valores y principios muy firmes, con el convencimiento de que s\u00f3lo somos en grupo y no dan lugar a personajes con intereses individualistas, exigentes y merecedores de llegar para demostrar lo que son\u2026 para trabajar por el bien com\u00fan. \u201c<\/em><\/p>\n\n\n\n<p><em>\u201cY si nos piden definirnos, s\u00f3lo dir\u00e9 que en San Pedro existe un grupo con pasi\u00f3n por la pol\u00edtica, que ve a futuro, que construye en adelante, que disfrute el proceso y no tanto el resultado, que busca ser poder, que son futuro y coraje para eliminar lo corrupto y despreciable; que claramente se merece, claramente nos merecemos ganar, porque b\u00e1sicamente, &nbsp;estamos preparados para gobernar\u201d<\/em>, concluy\u00f3 Salvarreguy.<\/p>\n","protected":false},"excerpt":{"rendered":"<p>Frente al proceso electoral que se avecina, reafirman su compromiso de seguir con el camino que tomaron hace tiempo; una militancia basada en el trabajo, en el hacer y anclado en la realidad. Con vicisitudes de por medio, propias de todo espacio alternativo que pretende hacerse lugar en el medio de la polarizaci\u00f3n, la lista [&hellip;]<\/p>\n","protected":false},"author":4,"featured_media":59275,"comment_status":"open","ping_status":"closed","sticky":false,"template":"","format":"standard","meta":{"om_disable_all_campaigns":false,"_jetpack_memberships_contains_paid_content":false,"footnotes":""},"categories":[2,102],"tags":[],"class_list":["post-59274","post","type-post","status-publish","format-standard","has-post-thumbnail","hentry","category-locales","category-politica-locales"],"aioseo_notices":[],"gutentor_comment":0,"jetpack_featured_media_url":"https:\/\/eldiariodesanpedro.com.ar\/sitio\/wp-content\/uploads\/2019\/09\/image.png","jetpack_shortlink":"https:\/\/wp.me\/p6RhLt-fq2","jetpack_sharing_enabled":true,"_links":{"self":[{"href":"https:\/\/eldiariodesanpedro.com.ar\/sitio\/wp-json\/wp\/v2\/posts\/59274","targetHints":{"allow":["GET"]}}],"collection":[{"href":"https:\/\/eldiariodesanpedro.com.ar\/sitio\/wp-json\/wp\/v2\/posts"}],"about":[{"href":"https:\/\/eldiariodesanpedro.com.ar\/sitio\/wp-json\/wp\/v2\/types\/post"}],"author":[{"embeddable":true,"href":"https:\/\/eldiariodesanpedro.com.ar\/sitio\/wp-json\/wp\/v2\/users\/4"}],"replies":[{"embeddable":true,"href":"https:\/\/eldiariodesanpedro.com.ar\/sitio\/wp-json\/wp\/v2\/comments?post=59274"}],"version-history":[{"count":1,"href":"https:\/\/eldiariodesanpedro.com.ar\/sitio\/wp-json\/wp\/v2\/posts\/59274\/revisions"}],"predecessor-version":[{"id":59276,"href":"https:\/\/eldiariodesanpedro.com.ar\/sitio\/wp-json\/wp\/v2\/posts\/59274\/revisions\/59276"}],"wp:featuredmedia":[{"embeddable":true,"href":"https:\/\/eldiariodesanpedro.com.ar\/sitio\/wp-json\/wp\/v2\/media\/59275"}],"wp:attachment":[{"href":"https:\/\/eldiariodesanpedro.com.ar\/sitio\/wp-json\/wp\/v2\/media?parent=59274"}],"wp:term":[{"taxonomy":"category","embeddable":true,"href":"https:\/\/eldiariodesanpedro.com.ar\/sitio\/wp-json\/wp\/v2\/categories?post=59274"},{"taxonomy":"post_tag","embeddable":true,"href":"https:\/\/eldiariodesanpedro.com.ar\/sitio\/wp-json\/wp\/v2\/tags?post=59274"}],"curies":[{"name":"wp","href":"https:\/\/api.w.org\/{rel}","templated":true}]}}