{"id":59266,"date":"2019-09-03T09:31:36","date_gmt":"2019-09-03T12:31:36","guid":{"rendered":"https:\/\/eldiariodesanpedro.com.ar\/sitio\/?p=59266"},"modified":"2019-09-03T09:31:40","modified_gmt":"2019-09-03T12:31:40","slug":"actividades-programadas-para-el-dia-de-la-patrona-de-nuestra-ciudad","status":"publish","type":"post","link":"https:\/\/eldiariodesanpedro.com.ar\/sitio\/actividades-programadas-para-el-dia-de-la-patrona-de-nuestra-ciudad\/","title":{"rendered":"Actividades programadas para el d\u00eda de la Patrona de nuestra ciudad"},"content":{"rendered":"<!-- VideographyWP Plugin Message: Automatic video embedding prevented by plugin options. -->\n\n<p>Este pr\u00f3ximo domingo 8 sera el d\u00eda de la Patrona de la ciudad de San Pedro. La comunidad religiosa de la Iglesia Nuestra Se\u00f1ora del Socorro lleva adelante una serie de actividades en honor a ella.  <\/p>\n\n\n\n<p>Como culminaci\u00f3n de estas Fiestas Patronales, la Parroquia Nuestra Se\u00f1ora del Socorro ha organizado una serie de actividades :<\/p>\n\n\n\n<ul class=\"wp-block-list\"><li>9 hs\u00a0 Rezo del Santo Rosario\u00a0<\/li><li>11 horas Procesi\u00f3n con la imagen hist\u00f3rica\u00a0 de Nuestra Se\u00f1ora del Socorro, desde la esquina de Mitre y 3 de Febrero. <\/li><li>Seguido la Santa Misa\u00a0 presidida por nuestro Obispo\u00a0 Diocesano\u00a0 Mons. Hugo Santiago<\/li><li>Luego comenzara la Gran Pe\u00f1a\u00a0 en la Plaza\u00a0 de la Iglesia para pasar un d\u00eda en familia\u00a0 con la\u00a0 actuaci\u00f3n de Ballet Florcita de Cedr\u00f3n, Nicolas Sanchez, Viviana villa, Lito Carro, Mei Torres, Leo Vell\u00f3n, Andrea Leopardo, Naty Fernandez,\u00a0 Maxi Moran y Matias Padilla, Annabella Prado, Silvia y Daniel Ronzani, Joaquin Mendez, Mallorquines, Laura Duro y su hija Azul, Carolina Marquez y Martina Tardio .<\/li><li>19:30 horas Santa Misa<\/li><\/ul>\n\n\n\n<p>  <\/p>\n\n\n\n<p>Ademas habr\u00e1 Artesanos, servicio de cantina , mesa dulce y mates.  <\/p>\n\n\n\n<figure class=\"wp-block-image\"><img decoding=\"async\" width=\"750\" height=\"400\" data-attachment-id=\"59272\" data-permalink=\"https:\/\/eldiariodesanpedro.com.ar\/sitio\/actividades-programadas-para-el-dia-de-la-patrona-de-nuestra-ciudad\/patrona-socorro\/\" data-orig-file=\"https:\/\/eldiariodesanpedro.com.ar\/sitio\/wp-content\/uploads\/2019\/09\/patrona-socorro.jpg\" data-orig-size=\"750,400\" data-comments-opened=\"1\" data-image-meta=\"{&quot;aperture&quot;:&quot;0&quot;,&quot;credit&quot;:&quot;&quot;,&quot;camera&quot;:&quot;&quot;,&quot;caption&quot;:&quot;&quot;,&quot;created_timestamp&quot;:&quot;0&quot;,&quot;copyright&quot;:&quot;&quot;,&quot;focal_length&quot;:&quot;0&quot;,&quot;iso&quot;:&quot;0&quot;,&quot;shutter_speed&quot;:&quot;0&quot;,&quot;title&quot;:&quot;&quot;,&quot;orientation&quot;:&quot;0&quot;}\" data-image-title=\"patrona-socorro\" data-image-description=\"\" data-image-caption=\"\" data-large-file=\"https:\/\/eldiariodesanpedro.com.ar\/sitio\/wp-content\/uploads\/2019\/09\/patrona-socorro.jpg\" data-src=\"https:\/\/eldiariodesanpedro.com.ar\/sitio\/wp-content\/uploads\/2019\/09\/patrona-socorro.jpg\" alt=\"\" class=\"wp-image-59272 lazyload\" data-srcset=\"https:\/\/eldiariodesanpedro.com.ar\/sitio\/wp-content\/uploads\/2019\/09\/patrona-socorro.jpg 750w, https:\/\/eldiariodesanpedro.com.ar\/sitio\/wp-content\/uploads\/2019\/09\/patrona-socorro-300x160.jpg 300w\" data-sizes=\"(max-width: 750px) 100vw, 750px\" src=\"data:image\/svg+xml;base64,PHN2ZyB3aWR0aD0iMSIgaGVpZ2h0PSIxIiB4bWxucz0iaHR0cDovL3d3dy53My5vcmcvMjAwMC9zdmciPjwvc3ZnPg==\" style=\"--smush-placeholder-width: 750px; --smush-placeholder-aspect-ratio: 750\/400;\" \/><\/figure>\n","protected":false},"excerpt":{"rendered":"<p>Este pr\u00f3ximo domingo 8 sera el d\u00eda de la Patrona de la ciudad de San Pedro. La comunidad religiosa de la Iglesia Nuestra Se\u00f1ora del Socorro lleva adelante una serie de actividades en honor a ella. Como culminaci\u00f3n de estas Fiestas Patronales, la Parroquia Nuestra Se\u00f1ora del Socorro ha organizado una serie de actividades : [&hellip;]<\/p>\n","protected":false},"author":4,"featured_media":59271,"comment_status":"open","ping_status":"closed","sticky":false,"template":"","format":"standard","meta":{"om_disable_all_campaigns":false,"_jetpack_memberships_contains_paid_content":false,"footnotes":""},"categories":[50,101,2],"tags":[],"class_list":["post-59266","post","type-post","status-publish","format-standard","has-post-thumbnail","hentry","category-destacadas","category-interes-general-locales","category-locales"],"aioseo_notices":[],"gutentor_comment":0,"jetpack_featured_media_url":"https:\/\/eldiariodesanpedro.com.ar\/sitio\/wp-content\/uploads\/2019\/09\/Iglesia-Socorro.jpg","jetpack_shortlink":"https:\/\/wp.me\/p6RhLt-fpU","jetpack_sharing_enabled":true,"_links":{"self":[{"href":"https:\/\/eldiariodesanpedro.com.ar\/sitio\/wp-json\/wp\/v2\/posts\/59266","targetHints":{"allow":["GET"]}}],"collection":[{"href":"https:\/\/eldiariodesanpedro.com.ar\/sitio\/wp-json\/wp\/v2\/posts"}],"about":[{"href":"https:\/\/eldiariodesanpedro.com.ar\/sitio\/wp-json\/wp\/v2\/types\/post"}],"author":[{"embeddable":true,"href":"https:\/\/eldiariodesanpedro.com.ar\/sitio\/wp-json\/wp\/v2\/users\/4"}],"replies":[{"embeddable":true,"href":"https:\/\/eldiariodesanpedro.com.ar\/sitio\/wp-json\/wp\/v2\/comments?post=59266"}],"version-history":[{"count":1,"href":"https:\/\/eldiariodesanpedro.com.ar\/sitio\/wp-json\/wp\/v2\/posts\/59266\/revisions"}],"predecessor-version":[{"id":59273,"href":"https:\/\/eldiariodesanpedro.com.ar\/sitio\/wp-json\/wp\/v2\/posts\/59266\/revisions\/59273"}],"wp:featuredmedia":[{"embeddable":true,"href":"https:\/\/eldiariodesanpedro.com.ar\/sitio\/wp-json\/wp\/v2\/media\/59271"}],"wp:attachment":[{"href":"https:\/\/eldiariodesanpedro.com.ar\/sitio\/wp-json\/wp\/v2\/media?parent=59266"}],"wp:term":[{"taxonomy":"category","embeddable":true,"href":"https:\/\/eldiariodesanpedro.com.ar\/sitio\/wp-json\/wp\/v2\/categories?post=59266"},{"taxonomy":"post_tag","embeddable":true,"href":"https:\/\/eldiariodesanpedro.com.ar\/sitio\/wp-json\/wp\/v2\/tags?post=59266"}],"curies":[{"name":"wp","href":"https:\/\/api.w.org\/{rel}","templated":true}]}}