{"id":59261,"date":"2019-09-03T08:54:40","date_gmt":"2019-09-03T11:54:40","guid":{"rendered":"https:\/\/eldiariodesanpedro.com.ar\/sitio\/?p=59261"},"modified":"2019-09-03T08:54:44","modified_gmt":"2019-09-03T11:54:44","slug":"minima-de-4o-esta-madrugada-informo-la-estacion-experimental-del-inta","status":"publish","type":"post","link":"https:\/\/eldiariodesanpedro.com.ar\/sitio\/minima-de-4o-esta-madrugada-informo-la-estacion-experimental-del-inta\/","title":{"rendered":"M\u00ednima de 4\u00ba esta madrugada, inform\u00f3 la estaci\u00f3n experimental del INTA"},"content":{"rendered":"<!-- VideographyWP Plugin Message: Automatic video embedding prevented by plugin options. -->\n\n<p> El quinto \u00abServicio de Alarma para control de heladas\u00bb finaliz\u00f3 a las 4 hs cuando ya se registraban temperaturas inferiores a cero. <\/p>\n\n\n\n<p>La estaci\u00f3n de INTA desarrollo esta madrugada el servicio de control de heladas donde concluy\u00f3 a las 4 hs cuando ya se registraban temperaturas inferiores a cero. <\/p>\n\n\n\n<p>Desde entonces siguieron descendiendo, desde las 5.50 hs se mantiene en inferiores a -3C\u00b0 y produci\u00e9ndose un pico a las 6.40 hs de -3.9C\u00b0, seg\u00fan informaci\u00f3n registrada por la Estaci\u00f3n Autom\u00e1tica del INTA, a 1.5 metros de altura, fuera del abrigo meteorol\u00f3gico (a la intemperie).<\/p>\n\n\n\n<p> Reci\u00e9n a las 8 hs empieza a registrarse temperaturas sobre cero. <\/p>\n\n\n\n<p>Excepto en dos momentos que rot\u00f3 hacia el suroeste, el viento se mantuvo en direcci\u00f3n S y cuando la velocidad descendi\u00f3 a menos de 2.5 km\/hora se comenzaron a registrar los valores negativos de temperatura.<\/p>\n\n\n\n<p> Mientras se publica esta informaci\u00f3n, las temperaturas siguen bajo cero y se continuar\u00e1 actualizando este posteo. <\/p>\n\n\n\n<p>El gr\u00e1fico actualizado de la temperatura puede buscarse en<a rel=\"noreferrer noopener\" href=\"https:\/\/l.facebook.com\/l.php?u=http%3A%2F%2Fsiga2.inta.gob.ar%2F%3Ffbclid%3DIwAR2Awaopy-Is_VpFdiLm7C3aKGtcWLXOMlY4-9Dc6J03TN3oYrfeQBFN_9c&amp;h=AT2jbqNtJGvYtnR7vuKcC6x0UdzR1HjObM26hfGMx07JwFj0HXoPf9boPvfwzD8-hFVhG0mJTWm3vy2GYVSvlhG13xdoI9cGOBo1xXrIYlFh6qSLuO0KeSmjPhBkVvx2JAMThCxrfLLYdDgJudlYnnOW-q7_45s5VJ5jnRLAn-4xRxbKjZk1LPWIpP6ps-0By34Eex49hOsReMehMwCO_Zia9OBRua2_90XuiG0PVdhfpQFIhN-tLjKeCFf-CsAachrzjNnT5MCmMYzD_e1ee9LcsYEsq5tlGcdyV2RURgOPNWa8SsDgtzmIoYCLQ9T4YMt3Wd8XAjJrAX-f20vbyKqFNnj9UXDK74Og3qJnfZXz9Xzg4YB2Uh5ARCthEWK49ISObNhmTHkrK7C0Jt5Ip_u46UsTd80G4MU-DVSrWc5YPQeKUsqab5vgx2LYi5DrEhjkgVvS4QPLxWx9meh6b7vbvmpsWugtGQ2vfHEQ6ux2Hl9XwXwTqJrm28VdVnmFaD9nCA6z1MpYsbFcJ7OYGGMStEStSWm9Qg_gJNRmZnDL4PV7GUhXyoT829mCziV5PenHKx317ntF8AP5WcSQsKxozOPYnh41iY3Gj6Clt8UwPIA3Oglmg5rHLL7ZJeFlhA\" target=\"_blank\">http:\/\/siga2.inta.gob.ar<\/a>\u00a0localizando la Estaci\u00f3n Meteorol\u00f3gica \u00abEEA San Pedro (San Pedro &#8211; Buenos Aires)\u00bb ubicable en el mapa sobre la Ruta 9. <\/p>\n\n\n\n<p>Los interesados en recibir el servicio las noches de vigilia, pueden suscribirse por Whatsapp\u00a0&#x1f4f2;\u00a0al +54 3329 592576 (cargando el contacto y solicit\u00e1ndolo). <\/p>\n\n\n\n<p>M\u00e1s info eeasanpedro.clima@inta.gob.ar <\/p>\n","protected":false},"excerpt":{"rendered":"<p>El quinto \u00abServicio de Alarma para control de heladas\u00bb finaliz\u00f3 a las 4 hs cuando ya se registraban temperaturas inferiores a cero. La estaci\u00f3n de INTA desarrollo esta madrugada el servicio de control de heladas donde concluy\u00f3 a las 4 hs cuando ya se registraban temperaturas inferiores a cero. Desde entonces siguieron descendiendo, desde las [&hellip;]<\/p>\n","protected":false},"author":4,"featured_media":59262,"comment_status":"open","ping_status":"closed","sticky":false,"template":"","format":"standard","meta":{"om_disable_all_campaigns":false,"_jetpack_memberships_contains_paid_content":false,"footnotes":""},"categories":[50,101,2],"tags":[],"class_list":["post-59261","post","type-post","status-publish","format-standard","has-post-thumbnail","hentry","category-destacadas","category-interes-general-locales","category-locales"],"aioseo_notices":[],"gutentor_comment":0,"jetpack_featured_media_url":"https:\/\/eldiariodesanpedro.com.ar\/sitio\/wp-content\/uploads\/2019\/09\/69872698_1436428916512317_464803448127225856_n.jpg","jetpack_shortlink":"https:\/\/wp.me\/p6RhLt-fpP","jetpack_sharing_enabled":true,"_links":{"self":[{"href":"https:\/\/eldiariodesanpedro.com.ar\/sitio\/wp-json\/wp\/v2\/posts\/59261","targetHints":{"allow":["GET"]}}],"collection":[{"href":"https:\/\/eldiariodesanpedro.com.ar\/sitio\/wp-json\/wp\/v2\/posts"}],"about":[{"href":"https:\/\/eldiariodesanpedro.com.ar\/sitio\/wp-json\/wp\/v2\/types\/post"}],"author":[{"embeddable":true,"href":"https:\/\/eldiariodesanpedro.com.ar\/sitio\/wp-json\/wp\/v2\/users\/4"}],"replies":[{"embeddable":true,"href":"https:\/\/eldiariodesanpedro.com.ar\/sitio\/wp-json\/wp\/v2\/comments?post=59261"}],"version-history":[{"count":1,"href":"https:\/\/eldiariodesanpedro.com.ar\/sitio\/wp-json\/wp\/v2\/posts\/59261\/revisions"}],"predecessor-version":[{"id":59263,"href":"https:\/\/eldiariodesanpedro.com.ar\/sitio\/wp-json\/wp\/v2\/posts\/59261\/revisions\/59263"}],"wp:featuredmedia":[{"embeddable":true,"href":"https:\/\/eldiariodesanpedro.com.ar\/sitio\/wp-json\/wp\/v2\/media\/59262"}],"wp:attachment":[{"href":"https:\/\/eldiariodesanpedro.com.ar\/sitio\/wp-json\/wp\/v2\/media?parent=59261"}],"wp:term":[{"taxonomy":"category","embeddable":true,"href":"https:\/\/eldiariodesanpedro.com.ar\/sitio\/wp-json\/wp\/v2\/categories?post=59261"},{"taxonomy":"post_tag","embeddable":true,"href":"https:\/\/eldiariodesanpedro.com.ar\/sitio\/wp-json\/wp\/v2\/tags?post=59261"}],"curies":[{"name":"wp","href":"https:\/\/api.w.org\/{rel}","templated":true}]}}