{"id":5925,"date":"2016-07-12T11:51:38","date_gmt":"2016-07-12T14:51:38","guid":{"rendered":"https:\/\/eldiariodesanpedro.com.ar\/sitio\/?p=5925"},"modified":"2016-07-12T12:05:11","modified_gmt":"2016-07-12T15:05:11","slug":"jose-franchini-nuevo-coordinador-del-centro-de-referencia-del-ministerio-de-desarrollo-social-de-la-nacion","status":"publish","type":"post","link":"https:\/\/eldiariodesanpedro.com.ar\/sitio\/jose-franchini-nuevo-coordinador-del-centro-de-referencia-del-ministerio-de-desarrollo-social-de-la-nacion\/","title":{"rendered":"Jose Franchini nuevo coordinador del Centro de Referencia del Ministerio de Desarrollo Social de la Naci\u00f3n"},"content":{"rendered":"<p><!-- VideographyWP Plugin Message: Automatic video embedding prevented by plugin options. --><br \/>\nJos\u00e9 Franchini, asumi\u00f3 este martes como nuevo coordinador del Centro de Referencia del Ministerio de Desarrollo Social de la Naci\u00f3n.<br \/>\nEl acto tuvo lugar en el Sal\u00f3n Dorado de la Municipalidad, desde las 11.<br \/>\nCon la presencia de autoridades nacionales, que acompa\u00f1aron al gabinete municipal, encabezado por el intendente Cecilio Salazar.<br \/>\nFranchini form\u00f3 parte brevemente del gobierno de Salazar, como Director de Comisiones de Fomento.<\/p>\n<p>Franchini y Cecilio Salazar junto al grupo de trabajo del Centro Local<br \/>\n<a href=\"https:\/\/eldiariodesanpedro.com.ar\/sitio\/wp-content\/uploads\/2016\/07\/Franchini-3.jpg\"><img decoding=\"async\" data-attachment-id=\"5929\" data-permalink=\"https:\/\/eldiariodesanpedro.com.ar\/sitio\/jose-franchini-nuevo-coordinador-del-centro-de-referencia-del-ministerio-de-desarrollo-social-de-la-nacion\/franchini-3\/\" data-orig-file=\"https:\/\/eldiariodesanpedro.com.ar\/sitio\/wp-content\/uploads\/2016\/07\/Franchini-3.jpg\" data-orig-size=\"1280,719\" data-comments-opened=\"1\" data-image-meta=\"{&quot;aperture&quot;:&quot;0&quot;,&quot;credit&quot;:&quot;&quot;,&quot;camera&quot;:&quot;&quot;,&quot;caption&quot;:&quot;&quot;,&quot;created_timestamp&quot;:&quot;0&quot;,&quot;copyright&quot;:&quot;&quot;,&quot;focal_length&quot;:&quot;0&quot;,&quot;iso&quot;:&quot;0&quot;,&quot;shutter_speed&quot;:&quot;0&quot;,&quot;title&quot;:&quot;&quot;,&quot;orientation&quot;:&quot;0&quot;}\" data-image-title=\"Franchini 3\" data-image-description=\"\" data-image-caption=\"\" data-large-file=\"https:\/\/eldiariodesanpedro.com.ar\/sitio\/wp-content\/uploads\/2016\/07\/Franchini-3-1024x575.jpg\" class=\"alignnone size-medium wp-image-5929 lazyload\" data-src=\"https:\/\/eldiariodesanpedro.com.ar\/sitio\/wp-content\/uploads\/2016\/07\/Franchini-3-300x169.jpg\" alt=\"Franchini 3\" width=\"300\" height=\"169\" data-srcset=\"https:\/\/eldiariodesanpedro.com.ar\/sitio\/wp-content\/uploads\/2016\/07\/Franchini-3-300x169.jpg 300w, https:\/\/eldiariodesanpedro.com.ar\/sitio\/wp-content\/uploads\/2016\/07\/Franchini-3-768x431.jpg 768w, https:\/\/eldiariodesanpedro.com.ar\/sitio\/wp-content\/uploads\/2016\/07\/Franchini-3-1024x575.jpg 1024w, https:\/\/eldiariodesanpedro.com.ar\/sitio\/wp-content\/uploads\/2016\/07\/Franchini-3.jpg 1280w\" data-sizes=\"(max-width: 300px) 100vw, 300px\" src=\"data:image\/svg+xml;base64,PHN2ZyB3aWR0aD0iMSIgaGVpZ2h0PSIxIiB4bWxucz0iaHR0cDovL3d3dy53My5vcmcvMjAwMC9zdmciPjwvc3ZnPg==\" style=\"--smush-placeholder-width: 300px; --smush-placeholder-aspect-ratio: 300\/169;\" \/><\/a><\/p>\n","protected":false},"excerpt":{"rendered":"<p>Jos\u00e9 Franchini, asumi\u00f3 este martes como nuevo coordinador del Centro de Referencia del Ministerio de Desarrollo Social de la Naci\u00f3n. El acto tuvo lugar en el Sal\u00f3n Dorado de la Municipalidad, desde las 11. Con la presencia de autoridades nacionales, que acompa\u00f1aron al gabinete municipal, encabezado por el intendente Cecilio Salazar. Franchini form\u00f3 parte brevemente [&hellip;]<\/p>\n","protected":false},"author":4,"featured_media":5926,"comment_status":"open","ping_status":"closed","sticky":false,"template":"","format":"standard","meta":{"om_disable_all_campaigns":false,"_jetpack_memberships_contains_paid_content":false,"footnotes":""},"categories":[50,2,102],"tags":[],"class_list":["post-5925","post","type-post","status-publish","format-standard","has-post-thumbnail","hentry","category-destacadas","category-locales","category-politica-locales"],"aioseo_notices":[],"gutentor_comment":0,"jetpack_featured_media_url":"https:\/\/eldiariodesanpedro.com.ar\/sitio\/wp-content\/uploads\/2016\/07\/Franchini-1.jpg","jetpack_shortlink":"https:\/\/wp.me\/p6RhLt-1xz","jetpack_sharing_enabled":true,"_links":{"self":[{"href":"https:\/\/eldiariodesanpedro.com.ar\/sitio\/wp-json\/wp\/v2\/posts\/5925","targetHints":{"allow":["GET"]}}],"collection":[{"href":"https:\/\/eldiariodesanpedro.com.ar\/sitio\/wp-json\/wp\/v2\/posts"}],"about":[{"href":"https:\/\/eldiariodesanpedro.com.ar\/sitio\/wp-json\/wp\/v2\/types\/post"}],"author":[{"embeddable":true,"href":"https:\/\/eldiariodesanpedro.com.ar\/sitio\/wp-json\/wp\/v2\/users\/4"}],"replies":[{"embeddable":true,"href":"https:\/\/eldiariodesanpedro.com.ar\/sitio\/wp-json\/wp\/v2\/comments?post=5925"}],"version-history":[{"count":3,"href":"https:\/\/eldiariodesanpedro.com.ar\/sitio\/wp-json\/wp\/v2\/posts\/5925\/revisions"}],"predecessor-version":[{"id":5930,"href":"https:\/\/eldiariodesanpedro.com.ar\/sitio\/wp-json\/wp\/v2\/posts\/5925\/revisions\/5930"}],"wp:featuredmedia":[{"embeddable":true,"href":"https:\/\/eldiariodesanpedro.com.ar\/sitio\/wp-json\/wp\/v2\/media\/5926"}],"wp:attachment":[{"href":"https:\/\/eldiariodesanpedro.com.ar\/sitio\/wp-json\/wp\/v2\/media?parent=5925"}],"wp:term":[{"taxonomy":"category","embeddable":true,"href":"https:\/\/eldiariodesanpedro.com.ar\/sitio\/wp-json\/wp\/v2\/categories?post=5925"},{"taxonomy":"post_tag","embeddable":true,"href":"https:\/\/eldiariodesanpedro.com.ar\/sitio\/wp-json\/wp\/v2\/tags?post=5925"}],"curies":[{"name":"wp","href":"https:\/\/api.w.org\/{rel}","templated":true}]}}