{"id":59249,"date":"2019-09-02T19:56:45","date_gmt":"2019-09-02T22:56:45","guid":{"rendered":"https:\/\/eldiariodesanpedro.com.ar\/sitio\/?p=59249"},"modified":"2019-09-02T19:56:50","modified_gmt":"2019-09-02T22:56:50","slug":"presentaron-nuevas-medidas-para-hacer-tramites-de-habilitacion-comercial-con-la-presencia-del-secretario-de-nacion-inchauspe","status":"publish","type":"post","link":"https:\/\/eldiariodesanpedro.com.ar\/sitio\/presentaron-nuevas-medidas-para-hacer-tramites-de-habilitacion-comercial-con-la-presencia-del-secretario-de-nacion-inchauspe\/","title":{"rendered":"Presentaron nuevas medidas para hacer tramites de habilitacion comercial con la presencia del Secretario de Naci\u00f3n, Inchauspe"},"content":{"rendered":"<!-- VideographyWP Plugin Message: Automatic video embedding prevented by plugin options. -->\n\n<p>Este lunes por la ma\u00f1ana en una Conferencia de prensa en el despacho del Intendente Municipal se contaron detalles de la nueva  implementaci\u00f3n del tr\u00e1mite simplificado de habilitaciones comerciales en el Municipio.<\/p>\n\n\n\n<p>Con la presencia de el Secretario de Econom\u00eda, Fabi\u00e1n Rodr\u00edguez; el Director de Rentas, Hern\u00e1n Abat\u00e1ngelo; el director de Modernizaci\u00f3n, Hern\u00e1n Contreras.  y del Secretario de Simplificaci\u00f3n Productiva de la Naci\u00f3n, Pedro Inchauspe, se dio inicio ante los medios locales la nueva implementacion online.<\/p>\n\n\n\n<p>Esta nueva medida fue aprobada por el Concejo Deliberante este jueves 22 en sesi\u00f3n.<\/p>\n\n\n\n<p>Inchauspe detallo, \u00abestamos muy contentos por esta nueva implementacion en San Pedro, estamos convencidos que necesitamos mejorar la competitividad del sistema productivo argentino y el primer paso siempre es un armado jur\u00eddico, y el segundo las habilitaciones, el 80% son provisorias, la gente pierde mucho tiempo en los municipios, nuestro objetivo es que no, que lo puedan hacer de modo online\u00bb<\/p>\n\n\n\n<p>Abatangelo agreg\u00f3, \u00abla idea es aliviar la vida al vecino, como hicimos con la liquidaci\u00f3n de tasas de seguridad, tenemos mas de 17 tr\u00e1mites subidos a la web, tenemos tr\u00e1mites que llevan su proceso para simplificarlos como por ejemplo los certificados de escriban\u00eda por ejemplo\u00bb<\/p>\n\n\n\n<p>Luego respondieron preguntas y una de ellas, fue de nuestra colega Lili Berardi quien apunt\u00f3 a la cantidad de comercios que cierran en nuestra ciudad  y pregunt\u00f3 si hab\u00eda realmente comercios que estaban tramitando habilitaciones en medio de la crisis, a la que el funcionario respondi\u00f3, \u00ablas habilitaciones comerciales se siguen manteniendo, se sigue manteniendo el mismo porcentaje de habilitados, no tenemos merma, durante este mes seguramente tendremos la mayor recaudaci\u00f3n de seguridad e higiene del a\u00f1o, sabemos lo que pasa en el pa\u00eds, pero nosotros nos vemos obligado a facilitarle al comerciante los tr\u00e1mites\u00bb.<\/p>\n\n\n\n<figure class=\"wp-block-image\"><img decoding=\"async\" width=\"1024\" height=\"576\" data-attachment-id=\"59254\" data-permalink=\"https:\/\/eldiariodesanpedro.com.ar\/sitio\/img_20190902_112833352_burst000_cover_top\/\" data-orig-file=\"https:\/\/eldiariodesanpedro.com.ar\/sitio\/wp-content\/uploads\/2019\/09\/IMG_20190902_112833352_BURST000_COVER_TOP.jpg\" data-orig-size=\"4160,2340\" data-comments-opened=\"1\" data-image-meta=\"{&quot;aperture&quot;:&quot;2.2&quot;,&quot;credit&quot;:&quot;&quot;,&quot;camera&quot;:&quot;motorola one&quot;,&quot;caption&quot;:&quot;&quot;,&quot;created_timestamp&quot;:&quot;1567423715&quot;,&quot;copyright&quot;:&quot;&quot;,&quot;focal_length&quot;:&quot;3.463&quot;,&quot;iso&quot;:&quot;688&quot;,&quot;shutter_speed&quot;:&quot;0.04&quot;,&quot;title&quot;:&quot;&quot;,&quot;orientation&quot;:&quot;1&quot;}\" data-image-title=\"IMG_20190902_112833352_BURST000_COVER_TOP\" data-image-description=\"\" data-image-caption=\"\" data-large-file=\"https:\/\/eldiariodesanpedro.com.ar\/sitio\/wp-content\/uploads\/2019\/09\/IMG_20190902_112833352_BURST000_COVER_TOP-1024x576.jpg\" data-src=\"https:\/\/eldiariodesanpedro.com.ar\/sitio\/wp-content\/uploads\/2019\/09\/IMG_20190902_112833352_BURST000_COVER_TOP-1024x576.jpg\" alt=\"\" class=\"wp-image-59254 lazyload\" data-srcset=\"https:\/\/eldiariodesanpedro.com.ar\/sitio\/wp-content\/uploads\/2019\/09\/IMG_20190902_112833352_BURST000_COVER_TOP-1024x576.jpg 1024w, https:\/\/eldiariodesanpedro.com.ar\/sitio\/wp-content\/uploads\/2019\/09\/IMG_20190902_112833352_BURST000_COVER_TOP-300x169.jpg 300w, https:\/\/eldiariodesanpedro.com.ar\/sitio\/wp-content\/uploads\/2019\/09\/IMG_20190902_112833352_BURST000_COVER_TOP-768x432.jpg 768w\" data-sizes=\"(max-width: 1024px) 100vw, 1024px\" src=\"data:image\/svg+xml;base64,PHN2ZyB3aWR0aD0iMSIgaGVpZ2h0PSIxIiB4bWxucz0iaHR0cDovL3d3dy53My5vcmcvMjAwMC9zdmciPjwvc3ZnPg==\" style=\"--smush-placeholder-width: 1024px; --smush-placeholder-aspect-ratio: 1024\/576;\" \/><\/figure>\n\n\n\n<p>El secretario de Naci\u00f3n cont\u00f3 adem\u00e1s que visitaron una embotelladora  de agua de la familia Reynes, \u00abtenemos 14 proyectos terminados, tenemos que seguir con las actividades hasta terminar el  10 de diciembre y una de ellas fue la de esta familia, no es generar un gasto, los visitamos esta ma\u00f1ana, ellos est\u00e1n muy preocupados, pero todo el proceso de importaci\u00f3n que se ha transparentado y simplificado mucho, ayuda, se ha digitalizado mucho todo, mejora mucho el sistema de competitividad, ya hemos logrado ahorros por 50 millones de pesos, ahora estamos por terminar con todo los tr\u00e1mites del comercio exterior, la l\u00f3gica es mejorar cada expediente que tarda un dia en cualquier \u00e1rea del estado es un dia menos que tiene el productor a su beneficio\u00bb.<\/p>\n\n\n\n<p>El sistema est\u00e1 habilitado en el sitio web del municipio  <a href=\"http:\/\/www.sanpedro.gob.ar\/2016\/\">http:\/\/www.sanpedro.gob.ar\/2016\/<\/a> <\/p>\n\n\n\n<p><\/p>\n","protected":false},"excerpt":{"rendered":"<p>Este lunes por la ma\u00f1ana en una Conferencia de prensa en el despacho del Intendente Municipal se contaron detalles de la nueva implementaci\u00f3n del tr\u00e1mite simplificado de habilitaciones comerciales en el Municipio. Con la presencia de el Secretario de Econom\u00eda, Fabi\u00e1n Rodr\u00edguez; el Director de Rentas, Hern\u00e1n Abat\u00e1ngelo; el director de Modernizaci\u00f3n, Hern\u00e1n Contreras. y [&hellip;]<\/p>\n","protected":false},"author":4,"featured_media":59255,"comment_status":"open","ping_status":"closed","sticky":false,"template":"","format":"standard","meta":{"om_disable_all_campaigns":false,"_jetpack_memberships_contains_paid_content":false,"footnotes":""},"categories":[50,101,2],"tags":[],"class_list":["post-59249","post","type-post","status-publish","format-standard","has-post-thumbnail","hentry","category-destacadas","category-interes-general-locales","category-locales"],"aioseo_notices":[],"gutentor_comment":0,"jetpack_featured_media_url":"https:\/\/eldiariodesanpedro.com.ar\/sitio\/wp-content\/uploads\/2019\/09\/IMG_20190902_112931904.jpg","jetpack_shortlink":"https:\/\/wp.me\/p6RhLt-fpD","jetpack_sharing_enabled":true,"_links":{"self":[{"href":"https:\/\/eldiariodesanpedro.com.ar\/sitio\/wp-json\/wp\/v2\/posts\/59249","targetHints":{"allow":["GET"]}}],"collection":[{"href":"https:\/\/eldiariodesanpedro.com.ar\/sitio\/wp-json\/wp\/v2\/posts"}],"about":[{"href":"https:\/\/eldiariodesanpedro.com.ar\/sitio\/wp-json\/wp\/v2\/types\/post"}],"author":[{"embeddable":true,"href":"https:\/\/eldiariodesanpedro.com.ar\/sitio\/wp-json\/wp\/v2\/users\/4"}],"replies":[{"embeddable":true,"href":"https:\/\/eldiariodesanpedro.com.ar\/sitio\/wp-json\/wp\/v2\/comments?post=59249"}],"version-history":[{"count":1,"href":"https:\/\/eldiariodesanpedro.com.ar\/sitio\/wp-json\/wp\/v2\/posts\/59249\/revisions"}],"predecessor-version":[{"id":59258,"href":"https:\/\/eldiariodesanpedro.com.ar\/sitio\/wp-json\/wp\/v2\/posts\/59249\/revisions\/59258"}],"wp:featuredmedia":[{"embeddable":true,"href":"https:\/\/eldiariodesanpedro.com.ar\/sitio\/wp-json\/wp\/v2\/media\/59255"}],"wp:attachment":[{"href":"https:\/\/eldiariodesanpedro.com.ar\/sitio\/wp-json\/wp\/v2\/media?parent=59249"}],"wp:term":[{"taxonomy":"category","embeddable":true,"href":"https:\/\/eldiariodesanpedro.com.ar\/sitio\/wp-json\/wp\/v2\/categories?post=59249"},{"taxonomy":"post_tag","embeddable":true,"href":"https:\/\/eldiariodesanpedro.com.ar\/sitio\/wp-json\/wp\/v2\/tags?post=59249"}],"curies":[{"name":"wp","href":"https:\/\/api.w.org\/{rel}","templated":true}]}}