{"id":59245,"date":"2019-09-02T18:47:33","date_gmt":"2019-09-02T21:47:33","guid":{"rendered":"https:\/\/eldiariodesanpedro.com.ar\/sitio\/?p=59245"},"modified":"2019-09-02T18:48:14","modified_gmt":"2019-09-02T21:48:14","slug":"hable-con-la-gobernadora-y-a-los-15-minutos-me-estaba-llamando-el-ministro","status":"publish","type":"post","link":"https:\/\/eldiariodesanpedro.com.ar\/sitio\/hable-con-la-gobernadora-y-a-los-15-minutos-me-estaba-llamando-el-ministro\/","title":{"rendered":"\u201cHabl\u00e9 con la gobernadora y a los 15 minutos me estaba llamando el Ministro\u201d"},"content":{"rendered":"<!-- VideographyWP Plugin Message: Automatic video embedding prevented by plugin options. -->\n\n<p>La sampedrina integra la Asociaci\u00f3n Mucopolisacaridosis de Argentina y aprovech\u00f3 la presencia de Vidal en la ciudad para plantearle la situaci\u00f3n por la que atraviesan los ni\u00f1os que padecen la enfermedad. De inmediato la llam\u00f3 el ministro Andr\u00e9s Scarsi.<\/p>\n\n\n\n<p>Mariana Millet es una mam\u00e1 sampedrina a la que a su peque\u00f1o hijo le diagnosticaron S\u00edndrome de Hunter. Desde ese momento inici\u00f3 una lucha para que a los pacientes no les falte nada y pueda convivir con la enfermedad lo mejor posible.<\/p>\n\n\n\n<p>Enterada de la presencia de la gobernadora Mar\u00eda Eugenia Vidal en la ciudad se acerc\u00f3 al lugar donde la funcionaria caminaba y logr\u00f3 que la escuche para plantearle qu\u00e9 es lo que est\u00e1 sucediendo con los pacientes tanto en el territorio bonaerense como en el resto del pa\u00eds. &nbsp;<ins><\/ins><\/p>\n\n\n\n<p>\u201cDesde que el d\u00f3lar se dispar\u00f3 con la asociaci\u00f3n estamos un poco desesperados y preocupados ya que el Estado dej\u00f3 de entregarle la medicaci\u00f3n a los pacientes que no tienen obra social\u201d, cont\u00f3 Mariana Millet en el aire de FM G\u00e9nesis.<\/p>\n\n\n\n<p>\u201cEst\u00e1bamos tratando de tocar todas las puertas y para que los hijos reciban la medicaci\u00f3n ya que es s\u00faper costosa e imposible adquirirla\u201d.<\/p>\n\n\n\n<p>\u201cEscuch\u00e9 en los medios que estaba Mar\u00eda Eugenia Vidal en San Pedro y la verdad que no pude desaprovechar la oportunidad de salir a buscarla, la cruc\u00e9, le ped\u00ed que si pod\u00eda hablar con ella, me corri\u00f3 a un costado como buscando privacidad y le expliqu\u00e9 la situaci\u00f3n\u201d.<\/p>\n\n\n\n<p>\u201cLe dije que hoy hay m\u00e1s de 20 pacientes en la provincia, de los 50 que hay en la Argentina, que no reciben medicaci\u00f3n desde hace 20 d\u00edas o m\u00e1s. Me pregunt\u00f3 a cu\u00e1l era la enfermedad, enseguida llam\u00f3 a su secretario, me pidieron mis datos y ah\u00ed mismo al Ministro de Salud\u201d.<\/p>\n\n\n\n<p>\u201cHabr\u00e1n pasado 15 minutos y me llam\u00f3 el Ministro para interiorizarse en el tema\u201d, destac\u00f3 Millet sorprendida por la r\u00e1pida respuesta.<\/p>\n\n\n\n<p>\u201cMe pas\u00f3 su mail, y me comunic\u00f3 con la Secretaria para que le pase todo sobre el estado de los pacientes tanto de la provincia como de la naci\u00f3n, porque esa tambi\u00e9n era mi preocupaci\u00f3n, que nos quedaran los chicos afuera\u201d.<\/p>\n\n\n\n<p>\u201cSe va a encargar, con el listado, de reclamar a quien corresponde y de la parte de la naci\u00f3n se encargar\u00e1 \u00e9l\u201d, destac\u00f3 la mujer.<\/p>\n\n\n\n<p>\u201cLa verdad que tuvieron muy buena predisposici\u00f3n porque esto es muy importante para la vida de ellos\u201d.<\/p>\n\n\n\n<p>Mariana Millet tambi\u00e9n resalt\u00f3 que en un tramo de la charla le hizo saber a la gobernadora que no era del mismo color pol\u00edtico y que no la hab\u00eda votado. \u201cPor eso lo remarco porque, yo se lo dije y no me dio la espalda\u201d.<\/p>\n\n\n\n<p>FUENTE: SAN PEDRO INFORMA<\/p>\n","protected":false},"excerpt":{"rendered":"<p>La sampedrina integra la Asociaci\u00f3n Mucopolisacaridosis de Argentina y aprovech\u00f3 la presencia de Vidal en la ciudad para plantearle la situaci\u00f3n por la que atraviesan los ni\u00f1os que padecen la enfermedad. De inmediato la llam\u00f3 el ministro Andr\u00e9s Scarsi. Mariana Millet es una mam\u00e1 sampedrina a la que a su peque\u00f1o hijo le diagnosticaron S\u00edndrome [&hellip;]<\/p>\n","protected":false},"author":4,"featured_media":59246,"comment_status":"open","ping_status":"closed","sticky":false,"template":"","format":"standard","meta":{"om_disable_all_campaigns":false,"_jetpack_memberships_contains_paid_content":false,"footnotes":""},"categories":[101,2],"tags":[],"class_list":["post-59245","post","type-post","status-publish","format-standard","has-post-thumbnail","hentry","category-interes-general-locales","category-locales"],"aioseo_notices":[],"gutentor_comment":0,"jetpack_featured_media_url":"https:\/\/eldiariodesanpedro.com.ar\/sitio\/wp-content\/uploads\/2019\/09\/000079524.jpg","jetpack_shortlink":"https:\/\/wp.me\/p6RhLt-fpz","jetpack_sharing_enabled":true,"_links":{"self":[{"href":"https:\/\/eldiariodesanpedro.com.ar\/sitio\/wp-json\/wp\/v2\/posts\/59245","targetHints":{"allow":["GET"]}}],"collection":[{"href":"https:\/\/eldiariodesanpedro.com.ar\/sitio\/wp-json\/wp\/v2\/posts"}],"about":[{"href":"https:\/\/eldiariodesanpedro.com.ar\/sitio\/wp-json\/wp\/v2\/types\/post"}],"author":[{"embeddable":true,"href":"https:\/\/eldiariodesanpedro.com.ar\/sitio\/wp-json\/wp\/v2\/users\/4"}],"replies":[{"embeddable":true,"href":"https:\/\/eldiariodesanpedro.com.ar\/sitio\/wp-json\/wp\/v2\/comments?post=59245"}],"version-history":[{"count":2,"href":"https:\/\/eldiariodesanpedro.com.ar\/sitio\/wp-json\/wp\/v2\/posts\/59245\/revisions"}],"predecessor-version":[{"id":59248,"href":"https:\/\/eldiariodesanpedro.com.ar\/sitio\/wp-json\/wp\/v2\/posts\/59245\/revisions\/59248"}],"wp:featuredmedia":[{"embeddable":true,"href":"https:\/\/eldiariodesanpedro.com.ar\/sitio\/wp-json\/wp\/v2\/media\/59246"}],"wp:attachment":[{"href":"https:\/\/eldiariodesanpedro.com.ar\/sitio\/wp-json\/wp\/v2\/media?parent=59245"}],"wp:term":[{"taxonomy":"category","embeddable":true,"href":"https:\/\/eldiariodesanpedro.com.ar\/sitio\/wp-json\/wp\/v2\/categories?post=59245"},{"taxonomy":"post_tag","embeddable":true,"href":"https:\/\/eldiariodesanpedro.com.ar\/sitio\/wp-json\/wp\/v2\/tags?post=59245"}],"curies":[{"name":"wp","href":"https:\/\/api.w.org\/{rel}","templated":true}]}}