{"id":59243,"date":"2019-09-02T18:03:03","date_gmt":"2019-09-02T21:03:03","guid":{"rendered":"https:\/\/eldiariodesanpedro.com.ar\/sitio\/?p=59243"},"modified":"2019-09-02T18:03:07","modified_gmt":"2019-09-02T21:03:07","slug":"robaron-una-motocicleta-de-la-via-publica","status":"publish","type":"post","link":"https:\/\/eldiariodesanpedro.com.ar\/sitio\/robaron-una-motocicleta-de-la-via-publica\/","title":{"rendered":"Robaron una motocicleta de la v\u00eda p\u00fablica"},"content":{"rendered":"<!-- VideographyWP Plugin Message: Automatic video embedding prevented by plugin options. -->\n\n<p>El hecho se produjo este domingo cuando su propietaria dejo el rodado estacionado frente a su domicilio sin seguridad.<\/p>\n\n\n\n<p>Delincuentes ignorados sustrajeron una motocicleta marca Corven DX70, color gris que se encontraba estacionada en la vereda de calle Novillo al 600.<\/p>\n\n\n\n<p>Su moradora radic\u00f3 la denuncia en la dependencia local con intervenci\u00f3n de la fiscal\u00eda N\u00ba5.<br><\/p>\n","protected":false},"excerpt":{"rendered":"<p>El hecho se produjo este domingo cuando su propietaria dejo el rodado estacionado frente a su domicilio sin seguridad. Delincuentes ignorados sustrajeron una motocicleta marca Corven DX70, color gris que se encontraba estacionada en la vereda de calle Novillo al 600. Su moradora radic\u00f3 la denuncia en la dependencia local con intervenci\u00f3n de la fiscal\u00eda [&hellip;]<\/p>\n","protected":false},"author":4,"featured_media":56528,"comment_status":"open","ping_status":"closed","sticky":false,"template":"","format":"standard","meta":{"om_disable_all_campaigns":false,"_jetpack_memberships_contains_paid_content":false,"footnotes":""},"categories":[2,103],"tags":[],"class_list":["post-59243","post","type-post","status-publish","format-standard","has-post-thumbnail","hentry","category-locales","category-policiales-locales"],"aioseo_notices":[],"gutentor_comment":0,"jetpack_featured_media_url":"https:\/\/eldiariodesanpedro.com.ar\/sitio\/wp-content\/uploads\/2019\/07\/patrulla66-1024x680.jpg","jetpack_shortlink":"https:\/\/wp.me\/p6RhLt-fpx","jetpack_sharing_enabled":true,"_links":{"self":[{"href":"https:\/\/eldiariodesanpedro.com.ar\/sitio\/wp-json\/wp\/v2\/posts\/59243","targetHints":{"allow":["GET"]}}],"collection":[{"href":"https:\/\/eldiariodesanpedro.com.ar\/sitio\/wp-json\/wp\/v2\/posts"}],"about":[{"href":"https:\/\/eldiariodesanpedro.com.ar\/sitio\/wp-json\/wp\/v2\/types\/post"}],"author":[{"embeddable":true,"href":"https:\/\/eldiariodesanpedro.com.ar\/sitio\/wp-json\/wp\/v2\/users\/4"}],"replies":[{"embeddable":true,"href":"https:\/\/eldiariodesanpedro.com.ar\/sitio\/wp-json\/wp\/v2\/comments?post=59243"}],"version-history":[{"count":1,"href":"https:\/\/eldiariodesanpedro.com.ar\/sitio\/wp-json\/wp\/v2\/posts\/59243\/revisions"}],"predecessor-version":[{"id":59244,"href":"https:\/\/eldiariodesanpedro.com.ar\/sitio\/wp-json\/wp\/v2\/posts\/59243\/revisions\/59244"}],"wp:featuredmedia":[{"embeddable":true,"href":"https:\/\/eldiariodesanpedro.com.ar\/sitio\/wp-json\/wp\/v2\/media\/56528"}],"wp:attachment":[{"href":"https:\/\/eldiariodesanpedro.com.ar\/sitio\/wp-json\/wp\/v2\/media?parent=59243"}],"wp:term":[{"taxonomy":"category","embeddable":true,"href":"https:\/\/eldiariodesanpedro.com.ar\/sitio\/wp-json\/wp\/v2\/categories?post=59243"},{"taxonomy":"post_tag","embeddable":true,"href":"https:\/\/eldiariodesanpedro.com.ar\/sitio\/wp-json\/wp\/v2\/tags?post=59243"}],"curies":[{"name":"wp","href":"https:\/\/api.w.org\/{rel}","templated":true}]}}