{"id":59240,"date":"2019-09-02T17:27:08","date_gmt":"2019-09-02T20:27:08","guid":{"rendered":"https:\/\/eldiariodesanpedro.com.ar\/sitio\/?p=59240"},"modified":"2019-09-02T17:27:12","modified_gmt":"2019-09-02T20:27:12","slug":"accidente-entre-dos-camiones-en-ruta-9","status":"publish","type":"post","link":"https:\/\/eldiariodesanpedro.com.ar\/sitio\/accidente-entre-dos-camiones-en-ruta-9\/","title":{"rendered":"Accidente entre dos camiones en ruta 9"},"content":{"rendered":"<!-- VideographyWP Plugin Message: Automatic video embedding prevented by plugin options. -->\n\n<p>Durante la madrugada de este lunes, por causas se tratan de establecer en ruta nacional 9 km 152 carril Rosario &#8211; Buenos Aires, un cami\u00f3n marca Iveco colision\u00f3 contra otro cami\u00f3n misma marca por su parte trasera.&nbsp;<\/p>\n\n\n\n<p>Como consecuencia ambos conductores fueron&nbsp; trasladados al nosocomio local con fines ser asistidos y determinar lesiones.&nbsp;<br><\/p>\n","protected":false},"excerpt":{"rendered":"<p>Durante la madrugada de este lunes, por causas se tratan de establecer en ruta nacional 9 km 152 carril Rosario &#8211; Buenos Aires, un cami\u00f3n marca Iveco colision\u00f3 contra otro cami\u00f3n misma marca por su parte trasera.&nbsp; Como consecuencia ambos conductores fueron&nbsp; trasladados al nosocomio local con fines ser asistidos y determinar lesiones.&nbsp;<\/p>\n","protected":false},"author":4,"featured_media":59241,"comment_status":"open","ping_status":"closed","sticky":false,"template":"","format":"standard","meta":{"om_disable_all_campaigns":false,"_jetpack_memberships_contains_paid_content":false,"footnotes":""},"categories":[2,103],"tags":[],"class_list":["post-59240","post","type-post","status-publish","format-standard","has-post-thumbnail","hentry","category-locales","category-policiales-locales"],"aioseo_notices":[],"gutentor_comment":0,"jetpack_featured_media_url":"https:\/\/eldiariodesanpedro.com.ar\/sitio\/wp-content\/uploads\/2019\/09\/69651675_520092738761719_3723472552387936256_o.jpg","jetpack_shortlink":"https:\/\/wp.me\/p6RhLt-fpu","jetpack_sharing_enabled":true,"_links":{"self":[{"href":"https:\/\/eldiariodesanpedro.com.ar\/sitio\/wp-json\/wp\/v2\/posts\/59240","targetHints":{"allow":["GET"]}}],"collection":[{"href":"https:\/\/eldiariodesanpedro.com.ar\/sitio\/wp-json\/wp\/v2\/posts"}],"about":[{"href":"https:\/\/eldiariodesanpedro.com.ar\/sitio\/wp-json\/wp\/v2\/types\/post"}],"author":[{"embeddable":true,"href":"https:\/\/eldiariodesanpedro.com.ar\/sitio\/wp-json\/wp\/v2\/users\/4"}],"replies":[{"embeddable":true,"href":"https:\/\/eldiariodesanpedro.com.ar\/sitio\/wp-json\/wp\/v2\/comments?post=59240"}],"version-history":[{"count":1,"href":"https:\/\/eldiariodesanpedro.com.ar\/sitio\/wp-json\/wp\/v2\/posts\/59240\/revisions"}],"predecessor-version":[{"id":59242,"href":"https:\/\/eldiariodesanpedro.com.ar\/sitio\/wp-json\/wp\/v2\/posts\/59240\/revisions\/59242"}],"wp:featuredmedia":[{"embeddable":true,"href":"https:\/\/eldiariodesanpedro.com.ar\/sitio\/wp-json\/wp\/v2\/media\/59241"}],"wp:attachment":[{"href":"https:\/\/eldiariodesanpedro.com.ar\/sitio\/wp-json\/wp\/v2\/media?parent=59240"}],"wp:term":[{"taxonomy":"category","embeddable":true,"href":"https:\/\/eldiariodesanpedro.com.ar\/sitio\/wp-json\/wp\/v2\/categories?post=59240"},{"taxonomy":"post_tag","embeddable":true,"href":"https:\/\/eldiariodesanpedro.com.ar\/sitio\/wp-json\/wp\/v2\/tags?post=59240"}],"curies":[{"name":"wp","href":"https:\/\/api.w.org\/{rel}","templated":true}]}}