{"id":59228,"date":"2019-09-02T17:09:51","date_gmt":"2019-09-02T20:09:51","guid":{"rendered":"https:\/\/eldiariodesanpedro.com.ar\/sitio\/?p=59228"},"modified":"2019-09-02T17:09:55","modified_gmt":"2019-09-02T20:09:55","slug":"aprehenden-a-un-delincuente-tras-raid-delictivo","status":"publish","type":"post","link":"https:\/\/eldiariodesanpedro.com.ar\/sitio\/aprehenden-a-un-delincuente-tras-raid-delictivo\/","title":{"rendered":"Aprehenden a un delincuente tras raid delictivo"},"content":{"rendered":"<!-- VideographyWP Plugin Message: Automatic video embedding prevented by plugin options. -->\n\n<p>Este lunes en horas de la madrugada, en Frany de Pozo al 2300, se procede aprehensi\u00f3n masculino mayor de edad con frondosos antecedentes y similar modus operandi, quien momentos antes realiza un raid delictivo, sustrayendo interior estacionamiento empresa Arcor ubicada en el acceso de la ciudad por calle Mitre, tras romper el alambrado perimetral sustraer una motocicleta marca Guerrero 110 cc Trip color gris, propiedad de un empleado del lugar.<\/p>\n\n\n\n<p>Luego se dirige hacia un comercio de rubro despensa ubicado en calle Thorne al 600, donde sustrae caja registradora mediante violentar puerta de ingreso, siendo captado por c\u00e1maras de filmaci\u00f3n, y posterior dirigirse hacia comercio Open Sport ubicado en Mitre al 800 donde sustrajo varias prendas de vestir buzos y camperas, luego d\u00e1ndose a la fuga hasta lugar de aprehensi\u00f3n donde intent\u00f3 esconderse. Secuestro su poder rodado y prendas de vestir.<\/p>\n\n\n\n<figure class=\"wp-block-image\"><img decoding=\"async\" width=\"770\" height=\"578\" data-attachment-id=\"59230\" data-permalink=\"https:\/\/eldiariodesanpedro.com.ar\/sitio\/aprehenden-a-un-delincuente-tras-raid-delictivo\/whatsapp-image-2019-09-02-at-10-27-44-1-770x578\/\" data-orig-file=\"https:\/\/eldiariodesanpedro.com.ar\/sitio\/wp-content\/uploads\/2019\/09\/WhatsApp-Image-2019-09-02-at-10.27.44-1-770x578.jpeg\" data-orig-size=\"770,578\" data-comments-opened=\"1\" data-image-meta=\"{&quot;aperture&quot;:&quot;0&quot;,&quot;credit&quot;:&quot;&quot;,&quot;camera&quot;:&quot;&quot;,&quot;caption&quot;:&quot;&quot;,&quot;created_timestamp&quot;:&quot;0&quot;,&quot;copyright&quot;:&quot;&quot;,&quot;focal_length&quot;:&quot;0&quot;,&quot;iso&quot;:&quot;0&quot;,&quot;shutter_speed&quot;:&quot;0&quot;,&quot;title&quot;:&quot;&quot;,&quot;orientation&quot;:&quot;0&quot;}\" data-image-title=\"WhatsApp-Image-2019-09-02-at-10.27.44-1-770&amp;#215;578\" data-image-description=\"\" data-image-caption=\"\" data-large-file=\"https:\/\/eldiariodesanpedro.com.ar\/sitio\/wp-content\/uploads\/2019\/09\/WhatsApp-Image-2019-09-02-at-10.27.44-1-770x578.jpeg\" data-src=\"https:\/\/eldiariodesanpedro.com.ar\/sitio\/wp-content\/uploads\/2019\/09\/WhatsApp-Image-2019-09-02-at-10.27.44-1-770x578.jpeg\" alt=\"\" class=\"wp-image-59230 lazyload\" data-srcset=\"https:\/\/eldiariodesanpedro.com.ar\/sitio\/wp-content\/uploads\/2019\/09\/WhatsApp-Image-2019-09-02-at-10.27.44-1-770x578.jpeg 770w, https:\/\/eldiariodesanpedro.com.ar\/sitio\/wp-content\/uploads\/2019\/09\/WhatsApp-Image-2019-09-02-at-10.27.44-1-770x578-300x225.jpeg 300w, https:\/\/eldiariodesanpedro.com.ar\/sitio\/wp-content\/uploads\/2019\/09\/WhatsApp-Image-2019-09-02-at-10.27.44-1-770x578-768x576.jpeg 768w\" data-sizes=\"(max-width: 770px) 100vw, 770px\" src=\"data:image\/svg+xml;base64,PHN2ZyB3aWR0aD0iMSIgaGVpZ2h0PSIxIiB4bWxucz0iaHR0cDovL3d3dy53My5vcmcvMjAwMC9zdmciPjwvc3ZnPg==\" style=\"--smush-placeholder-width: 770px; --smush-placeholder-aspect-ratio: 770\/578;\" \/><\/figure>\n\n\n\n<figure class=\"wp-block-image\"><img decoding=\"async\" width=\"770\" height=\"437\" data-attachment-id=\"59231\" data-permalink=\"https:\/\/eldiariodesanpedro.com.ar\/sitio\/aprehenden-a-un-delincuente-tras-raid-delictivo\/whatsapp-image-2019-09-02-at-10-27-45-1-770x437\/\" data-orig-file=\"https:\/\/eldiariodesanpedro.com.ar\/sitio\/wp-content\/uploads\/2019\/09\/WhatsApp-Image-2019-09-02-at-10.27.45-1-770x437.jpeg\" data-orig-size=\"770,437\" data-comments-opened=\"1\" data-image-meta=\"{&quot;aperture&quot;:&quot;0&quot;,&quot;credit&quot;:&quot;&quot;,&quot;camera&quot;:&quot;&quot;,&quot;caption&quot;:&quot;&quot;,&quot;created_timestamp&quot;:&quot;0&quot;,&quot;copyright&quot;:&quot;&quot;,&quot;focal_length&quot;:&quot;0&quot;,&quot;iso&quot;:&quot;0&quot;,&quot;shutter_speed&quot;:&quot;0&quot;,&quot;title&quot;:&quot;&quot;,&quot;orientation&quot;:&quot;0&quot;}\" data-image-title=\"WhatsApp-Image-2019-09-02-at-10.27.45-1-770&amp;#215;437\" data-image-description=\"\" data-image-caption=\"\" data-large-file=\"https:\/\/eldiariodesanpedro.com.ar\/sitio\/wp-content\/uploads\/2019\/09\/WhatsApp-Image-2019-09-02-at-10.27.45-1-770x437.jpeg\" data-src=\"https:\/\/eldiariodesanpedro.com.ar\/sitio\/wp-content\/uploads\/2019\/09\/WhatsApp-Image-2019-09-02-at-10.27.45-1-770x437.jpeg\" alt=\"\" class=\"wp-image-59231 lazyload\" data-srcset=\"https:\/\/eldiariodesanpedro.com.ar\/sitio\/wp-content\/uploads\/2019\/09\/WhatsApp-Image-2019-09-02-at-10.27.45-1-770x437.jpeg 770w, https:\/\/eldiariodesanpedro.com.ar\/sitio\/wp-content\/uploads\/2019\/09\/WhatsApp-Image-2019-09-02-at-10.27.45-1-770x437-300x170.jpeg 300w, https:\/\/eldiariodesanpedro.com.ar\/sitio\/wp-content\/uploads\/2019\/09\/WhatsApp-Image-2019-09-02-at-10.27.45-1-770x437-768x436.jpeg 768w\" data-sizes=\"(max-width: 770px) 100vw, 770px\" src=\"data:image\/svg+xml;base64,PHN2ZyB3aWR0aD0iMSIgaGVpZ2h0PSIxIiB4bWxucz0iaHR0cDovL3d3dy53My5vcmcvMjAwMC9zdmciPjwvc3ZnPg==\" style=\"--smush-placeholder-width: 770px; --smush-placeholder-aspect-ratio: 770\/437;\" \/><\/figure>\n","protected":false},"excerpt":{"rendered":"<p>Este lunes en horas de la madrugada, en Frany de Pozo al 2300, se procede aprehensi\u00f3n masculino mayor de edad con frondosos antecedentes y similar modus operandi, quien momentos antes realiza un raid delictivo, sustrayendo interior estacionamiento empresa Arcor ubicada en el acceso de la ciudad por calle Mitre, tras romper el alambrado perimetral sustraer [&hellip;]<\/p>\n","protected":false},"author":4,"featured_media":59229,"comment_status":"open","ping_status":"closed","sticky":false,"template":"","format":"standard","meta":{"om_disable_all_campaigns":false,"_jetpack_memberships_contains_paid_content":false,"footnotes":""},"categories":[2,103],"tags":[],"class_list":["post-59228","post","type-post","status-publish","format-standard","has-post-thumbnail","hentry","category-locales","category-policiales-locales"],"aioseo_notices":[],"gutentor_comment":0,"jetpack_featured_media_url":"https:\/\/eldiariodesanpedro.com.ar\/sitio\/wp-content\/uploads\/2019\/09\/WhatsApp-Image-2019-09-02-at-10.27.44.jpeg","jetpack_shortlink":"https:\/\/wp.me\/p6RhLt-fpi","jetpack_sharing_enabled":true,"_links":{"self":[{"href":"https:\/\/eldiariodesanpedro.com.ar\/sitio\/wp-json\/wp\/v2\/posts\/59228","targetHints":{"allow":["GET"]}}],"collection":[{"href":"https:\/\/eldiariodesanpedro.com.ar\/sitio\/wp-json\/wp\/v2\/posts"}],"about":[{"href":"https:\/\/eldiariodesanpedro.com.ar\/sitio\/wp-json\/wp\/v2\/types\/post"}],"author":[{"embeddable":true,"href":"https:\/\/eldiariodesanpedro.com.ar\/sitio\/wp-json\/wp\/v2\/users\/4"}],"replies":[{"embeddable":true,"href":"https:\/\/eldiariodesanpedro.com.ar\/sitio\/wp-json\/wp\/v2\/comments?post=59228"}],"version-history":[{"count":1,"href":"https:\/\/eldiariodesanpedro.com.ar\/sitio\/wp-json\/wp\/v2\/posts\/59228\/revisions"}],"predecessor-version":[{"id":59232,"href":"https:\/\/eldiariodesanpedro.com.ar\/sitio\/wp-json\/wp\/v2\/posts\/59228\/revisions\/59232"}],"wp:featuredmedia":[{"embeddable":true,"href":"https:\/\/eldiariodesanpedro.com.ar\/sitio\/wp-json\/wp\/v2\/media\/59229"}],"wp:attachment":[{"href":"https:\/\/eldiariodesanpedro.com.ar\/sitio\/wp-json\/wp\/v2\/media?parent=59228"}],"wp:term":[{"taxonomy":"category","embeddable":true,"href":"https:\/\/eldiariodesanpedro.com.ar\/sitio\/wp-json\/wp\/v2\/categories?post=59228"},{"taxonomy":"post_tag","embeddable":true,"href":"https:\/\/eldiariodesanpedro.com.ar\/sitio\/wp-json\/wp\/v2\/tags?post=59228"}],"curies":[{"name":"wp","href":"https:\/\/api.w.org\/{rel}","templated":true}]}}