{"id":59225,"date":"2019-09-02T16:51:26","date_gmt":"2019-09-02T19:51:26","guid":{"rendered":"https:\/\/eldiariodesanpedro.com.ar\/sitio\/?p=59225"},"modified":"2019-09-02T16:51:30","modified_gmt":"2019-09-02T19:51:30","slug":"los-peligros-de-un-parana-cada-vez-mas-bajo","status":"publish","type":"post","link":"https:\/\/eldiariodesanpedro.com.ar\/sitio\/los-peligros-de-un-parana-cada-vez-mas-bajo\/","title":{"rendered":"Los peligros de un Paran\u00e1 cada vez m\u00e1s bajo"},"content":{"rendered":"<!-- VideographyWP Plugin Message: Automatic video embedding prevented by plugin options. -->\n\n<p>La Prefectura Naval Argentina advirti\u00f3 a la comunidad sobre la intensa bajante que se est\u00e1 produciendo en todo el curso del r\u00edo Paran\u00e1.<\/p>\n\n\n\n<p>En las \u00faltimas semanas, el nivel del r\u00edo Paran\u00e1 present\u00f3 inusuales m\u00e9tricas de altura, m\u00e1s all\u00e1 de que en esta \u00e9poca del a\u00f1o los registros est\u00e1n siempre lejos de la marca de alerta situada en los 3 metros y medio.<\/p>\n\n\n\n<p>En los \u00faltimos d\u00edas, se desplom\u00f3 el registro y s\u00fabitamente pas\u00f3 de 1,92 metro (20 de agosto) a tan solo 1 (30 de agosto). El 31 de agosto de 2018, el nivel estaba en 2,10 metros.<\/p>\n\n\n\n<p>La autoridad h\u00eddrica emiti\u00f3 un comunicado advirtiendo sobre la presencia de obst\u00e1culos como nuevos bancos de arena, camalotes y restos de \u00e1rboles, por lo que recomiendan navegar con precauci\u00f3n, consultar las condiciones meteorol\u00f3gicas, altura del agua del R\u00edo y verificar la cantidad de combustible disponible para navegar; usar siempre chaleco salvavidas; evitar navegar en horarios nocturnos y respetar las indicaciones.<\/p>\n\n\n\n<p>\n\nAdem\u00e1s, recordemos que ante cualquier emergencia podemos comunicarnos al n\u00famero 106 \u201cServicio de Emergencias N\u00e1uticas\u201d o al tel\u00e9fono 03407-421246, asimismo por VHF a los Canales 09 (156.450 Mhz) y 16 (156.800 Mhz) del Servicio M\u00f3vil Mar\u00edtimo \u201cL6F \u2013 Prefectura Ramallo\u201d.-\n\n<\/p>\n","protected":false},"excerpt":{"rendered":"<p>La Prefectura Naval Argentina advirti\u00f3 a la comunidad sobre la intensa bajante que se est\u00e1 produciendo en todo el curso del r\u00edo Paran\u00e1. En las \u00faltimas semanas, el nivel del r\u00edo Paran\u00e1 present\u00f3 inusuales m\u00e9tricas de altura, m\u00e1s all\u00e1 de que en esta \u00e9poca del a\u00f1o los registros est\u00e1n siempre lejos de la marca de [&hellip;]<\/p>\n","protected":false},"author":4,"featured_media":59226,"comment_status":"open","ping_status":"closed","sticky":false,"template":"","format":"standard","meta":{"om_disable_all_campaigns":false,"_jetpack_memberships_contains_paid_content":false,"footnotes":""},"categories":[621],"tags":[],"class_list":["post-59225","post","type-post","status-publish","format-standard","has-post-thumbnail","hentry","category-regionales"],"aioseo_notices":[],"gutentor_comment":0,"jetpack_featured_media_url":"https:\/\/eldiariodesanpedro.com.ar\/sitio\/wp-content\/uploads\/2019\/09\/prefectura-ramallo.jpg","jetpack_shortlink":"https:\/\/wp.me\/p6RhLt-fpf","jetpack_sharing_enabled":true,"_links":{"self":[{"href":"https:\/\/eldiariodesanpedro.com.ar\/sitio\/wp-json\/wp\/v2\/posts\/59225","targetHints":{"allow":["GET"]}}],"collection":[{"href":"https:\/\/eldiariodesanpedro.com.ar\/sitio\/wp-json\/wp\/v2\/posts"}],"about":[{"href":"https:\/\/eldiariodesanpedro.com.ar\/sitio\/wp-json\/wp\/v2\/types\/post"}],"author":[{"embeddable":true,"href":"https:\/\/eldiariodesanpedro.com.ar\/sitio\/wp-json\/wp\/v2\/users\/4"}],"replies":[{"embeddable":true,"href":"https:\/\/eldiariodesanpedro.com.ar\/sitio\/wp-json\/wp\/v2\/comments?post=59225"}],"version-history":[{"count":1,"href":"https:\/\/eldiariodesanpedro.com.ar\/sitio\/wp-json\/wp\/v2\/posts\/59225\/revisions"}],"predecessor-version":[{"id":59227,"href":"https:\/\/eldiariodesanpedro.com.ar\/sitio\/wp-json\/wp\/v2\/posts\/59225\/revisions\/59227"}],"wp:featuredmedia":[{"embeddable":true,"href":"https:\/\/eldiariodesanpedro.com.ar\/sitio\/wp-json\/wp\/v2\/media\/59226"}],"wp:attachment":[{"href":"https:\/\/eldiariodesanpedro.com.ar\/sitio\/wp-json\/wp\/v2\/media?parent=59225"}],"wp:term":[{"taxonomy":"category","embeddable":true,"href":"https:\/\/eldiariodesanpedro.com.ar\/sitio\/wp-json\/wp\/v2\/categories?post=59225"},{"taxonomy":"post_tag","embeddable":true,"href":"https:\/\/eldiariodesanpedro.com.ar\/sitio\/wp-json\/wp\/v2\/tags?post=59225"}],"curies":[{"name":"wp","href":"https:\/\/api.w.org\/{rel}","templated":true}]}}