{"id":59222,"date":"2019-09-02T16:48:57","date_gmt":"2019-09-02T19:48:57","guid":{"rendered":"https:\/\/eldiariodesanpedro.com.ar\/sitio\/?p=59222"},"modified":"2019-09-02T16:49:01","modified_gmt":"2019-09-02T19:49:01","slug":"la-provincia-podria-tener-un-defensor-de-los-derechos-de-los-adultos-mayores","status":"publish","type":"post","link":"https:\/\/eldiariodesanpedro.com.ar\/sitio\/la-provincia-podria-tener-un-defensor-de-los-derechos-de-los-adultos-mayores\/","title":{"rendered":"La Provincia podr\u00eda tener un Defensor de los Derechos de los Adultos Mayores"},"content":{"rendered":"<!-- VideographyWP Plugin Message: Automatic video embedding prevented by plugin options. -->\n\n<p><strong>Legislador bonaerense del oficialismo apunta a resguardar los derechos de los ancianos, a partir de una propuesta.<\/strong><\/p>\n\n\n\n<p>El diputado radical de Juntos por el Cambio, Diego Rovella, present\u00f3 una propuesta con el objetivo de que las personas de la tercera edad tengan un Defensor de los Derechos de los Adultos Mayores.<\/p>\n\n\n\n<p>\u00abComo estado, debe promover y concretar iniciativas para garantizar los derechos espec\u00edficos que les asisten y que son amparados por nuestra Constituci\u00f3n Nacional\u00bb,&nbsp; expres\u00f3 el&nbsp; legislador.<\/p>\n\n\n\n<p>En ese escenario, Rovella record\u00f3 que \u00abla expectativa de vida de nuestro pa\u00eds aument\u00f3 en veinte a\u00f1os y tenemos ya m\u00e1s de cinco millones de personas de m\u00e1s de setenta a\u00f1os, lo que habla a las claras de las mejores condiciones sanitarias y sociales en que se desarrollan esas personas\u00bb.<\/p>\n\n\n\n<p>En l\u00ednea, sum\u00f3: \u00abArgentina es el primer pa\u00eds en Latinoamericano con el mayor porcentaje de su poblaci\u00f3n con adultos mayores, y a su vez, est\u00e1 comprobado que uno de cada tres est\u00e1 suficientemente activo\u00bb.<\/p>\n\n\n\n<p>Entre sus fundamentos, el correligionario indic\u00f3 que \u00abtanto la Provincia, como el pa\u00eds en su conjunto, son pioneros en la consagraci\u00f3n constitucional de nuevos derechos, asociados a la evoluci\u00f3n y comprensi\u00f3n de los nuevos fen\u00f3menos sociales y pol\u00edticos\u00bb.<\/p>\n\n\n\n<p>Tras dar su opini\u00f3n, asegur\u00f3 que \u00abcon este proyecto de ley no se pretende ser original en cuanto a la estructuraci\u00f3n del instituto que ser\u00e1 propio de los adultos mayores bonaerenses. Muy por el contrario\u2013dijo\u2013hemos abrevado en varias experiencias y tomamos de las diferentes iniciativas en funcionamiento y en estudio lo que consideramos el mejor modelo\u00bb.<\/p>\n\n\n\n<p>Fuente: Z\u00e1rate Alerta<\/p>\n","protected":false},"excerpt":{"rendered":"<p>Legislador bonaerense del oficialismo apunta a resguardar los derechos de los ancianos, a partir de una propuesta. El diputado radical de Juntos por el Cambio, Diego Rovella, present\u00f3 una propuesta con el objetivo de que las personas de la tercera edad tengan un Defensor de los Derechos de los Adultos Mayores. \u00abComo estado, debe promover [&hellip;]<\/p>\n","protected":false},"author":4,"featured_media":59223,"comment_status":"open","ping_status":"closed","sticky":false,"template":"","format":"standard","meta":{"om_disable_all_campaigns":false,"_jetpack_memberships_contains_paid_content":false,"footnotes":""},"categories":[621],"tags":[],"class_list":["post-59222","post","type-post","status-publish","format-standard","has-post-thumbnail","hentry","category-regionales"],"aioseo_notices":[],"gutentor_comment":0,"jetpack_featured_media_url":"https:\/\/eldiariodesanpedro.com.ar\/sitio\/wp-content\/uploads\/2019\/09\/Diego-Rovella.jpg","jetpack_shortlink":"https:\/\/wp.me\/p6RhLt-fpc","jetpack_sharing_enabled":true,"_links":{"self":[{"href":"https:\/\/eldiariodesanpedro.com.ar\/sitio\/wp-json\/wp\/v2\/posts\/59222","targetHints":{"allow":["GET"]}}],"collection":[{"href":"https:\/\/eldiariodesanpedro.com.ar\/sitio\/wp-json\/wp\/v2\/posts"}],"about":[{"href":"https:\/\/eldiariodesanpedro.com.ar\/sitio\/wp-json\/wp\/v2\/types\/post"}],"author":[{"embeddable":true,"href":"https:\/\/eldiariodesanpedro.com.ar\/sitio\/wp-json\/wp\/v2\/users\/4"}],"replies":[{"embeddable":true,"href":"https:\/\/eldiariodesanpedro.com.ar\/sitio\/wp-json\/wp\/v2\/comments?post=59222"}],"version-history":[{"count":1,"href":"https:\/\/eldiariodesanpedro.com.ar\/sitio\/wp-json\/wp\/v2\/posts\/59222\/revisions"}],"predecessor-version":[{"id":59224,"href":"https:\/\/eldiariodesanpedro.com.ar\/sitio\/wp-json\/wp\/v2\/posts\/59222\/revisions\/59224"}],"wp:featuredmedia":[{"embeddable":true,"href":"https:\/\/eldiariodesanpedro.com.ar\/sitio\/wp-json\/wp\/v2\/media\/59223"}],"wp:attachment":[{"href":"https:\/\/eldiariodesanpedro.com.ar\/sitio\/wp-json\/wp\/v2\/media?parent=59222"}],"wp:term":[{"taxonomy":"category","embeddable":true,"href":"https:\/\/eldiariodesanpedro.com.ar\/sitio\/wp-json\/wp\/v2\/categories?post=59222"},{"taxonomy":"post_tag","embeddable":true,"href":"https:\/\/eldiariodesanpedro.com.ar\/sitio\/wp-json\/wp\/v2\/tags?post=59222"}],"curies":[{"name":"wp","href":"https:\/\/api.w.org\/{rel}","templated":true}]}}