{"id":59219,"date":"2019-09-02T16:41:51","date_gmt":"2019-09-02T19:41:51","guid":{"rendered":"https:\/\/eldiariodesanpedro.com.ar\/sitio\/?p=59219"},"modified":"2019-09-02T16:41:55","modified_gmt":"2019-09-02T19:41:55","slug":"campana-vecina-denuncio-a-carrefour-por-encontrar-vidrios-dentro-de-un-frasco-de-tomates","status":"publish","type":"post","link":"https:\/\/eldiariodesanpedro.com.ar\/sitio\/campana-vecina-denuncio-a-carrefour-por-encontrar-vidrios-dentro-de-un-frasco-de-tomates\/","title":{"rendered":"CAMPANA | Vecina denunci\u00f3 a Carrefour por encontrar vidrios dentro de un frasco de tomates"},"content":{"rendered":"<!-- VideographyWP Plugin Message: Automatic video embedding prevented by plugin options. -->\n\n<p>Sufri\u00f3 algunos cortes en la lengua, pero por fortuna, no trag\u00f3 ninguna de las piezas. Denunci\u00f3 lo ocurrido ante la cadena supermercadista, y en Defensa del Consumidor. \u201cOjal\u00e1 que no vuelva a pasar m\u00e1s, porque esa experiencia no se la deseo a nadie\u201d, confi\u00f3. <\/p>\n\n\n\n<p>\n\nUna vecina denunci\u00f3 un hecho ocurrido en la sucursal de Av. Mitre de Carrefour, luego de sufrir algunos cortes en la lengua tras masticar piezas de vidrio mezcladas en el contenido de un frasco de tomates secos, adquiridos all\u00ed.<\/p>\n\n\n\n<p>Pero m\u00e1s all\u00e1 de lo legal, quiso poner en conocimiento de la poblaci\u00f3n lo sucedido, como forma de prevenir hechos como el que le toc\u00f3 atravesar. \u201cEntre las cosas que compre ese d\u00eda, llev\u00e9 tomates secos marca Carrefour Select. El recipiente de vidrio en el que viene nunca se me cay\u00f3 al piso ni nada. Est\u00e1 en perfectas condiciones, a\u00fan as\u00ed cuando anoche voy a comer de esos tomates me encuentro con que adentro conten\u00eda vidrio\u201d relata Ver\u00f3nica, la damnificada.<\/p>\n\n\n\n<p>La vecina not\u00f3 la existencia de vidrio, cuando \u00e9ste ya estaba en su boca. \u201cY no solo varios pedazos grandes, sino tambi\u00e9n esquirlas de vidrio, las cuales me hicieron algunos cort\u00e9s en la lengua. Por suerte no llegue a tragar ninguno de estos pedazos porque escup\u00ed todo antes de eso, pero el mal momento pas\u00f3\u201d.&nbsp;<\/p>\n\n\n\n<p>La cliente denunci\u00f3 lo ocurrido cerca de la una de la madrugada, en el \u00e1rea de atenci\u00f3n al consumidor de Carrefour. Al d\u00eda siguiente, har\u00eda lo propio en Defensa del Consumidor. \u201cClaramente esa noche no pude dormir porque quede muy preocupada y nerviosa. Luego se comunicaron conmigo desde Carrefour, preocupados por la situaci\u00f3n dici\u00e9ndome que lamentan que haya tenido que pasar por esto y que iban a levantar todo el lote del mercado por las dudas, y que se comunicar\u00edan conmigo para ver c\u00f3mo \u00b4resarc\u00edan mi mal momento\u00b4\u201d.&nbsp;<\/p>\n\n\n\n<p>Por \u00faltimo, Ver\u00f3nica nos envi\u00f3 una foto donde pueden verse algunas piezas de vidrio entre los tomates. \u201cPerd\u00f3n por la foto pero es lo \u00fanico que pude atinar a sacar, el tomate masticado. Ojal\u00e1 que no vuelva a pasar m\u00e1s, porque esa experiencia no se la deseo a nadie\u201d, concluy\u00f3.\n\n<\/p>\n","protected":false},"excerpt":{"rendered":"<p>Sufri\u00f3 algunos cortes en la lengua, pero por fortuna, no trag\u00f3 ninguna de las piezas. Denunci\u00f3 lo ocurrido ante la cadena supermercadista, y en Defensa del Consumidor. \u201cOjal\u00e1 que no vuelva a pasar m\u00e1s, porque esa experiencia no se la deseo a nadie\u201d, confi\u00f3. Una vecina denunci\u00f3 un hecho ocurrido en la sucursal de Av. [&hellip;]<\/p>\n","protected":false},"author":4,"featured_media":59220,"comment_status":"open","ping_status":"closed","sticky":false,"template":"","format":"standard","meta":{"om_disable_all_campaigns":false,"_jetpack_memberships_contains_paid_content":false,"footnotes":""},"categories":[621],"tags":[],"class_list":["post-59219","post","type-post","status-publish","format-standard","has-post-thumbnail","hentry","category-regionales"],"aioseo_notices":[],"gutentor_comment":0,"jetpack_featured_media_url":"https:\/\/eldiariodesanpedro.com.ar\/sitio\/wp-content\/uploads\/2019\/09\/20190902111529.jpg","jetpack_shortlink":"https:\/\/wp.me\/p6RhLt-fp9","jetpack_sharing_enabled":true,"_links":{"self":[{"href":"https:\/\/eldiariodesanpedro.com.ar\/sitio\/wp-json\/wp\/v2\/posts\/59219","targetHints":{"allow":["GET"]}}],"collection":[{"href":"https:\/\/eldiariodesanpedro.com.ar\/sitio\/wp-json\/wp\/v2\/posts"}],"about":[{"href":"https:\/\/eldiariodesanpedro.com.ar\/sitio\/wp-json\/wp\/v2\/types\/post"}],"author":[{"embeddable":true,"href":"https:\/\/eldiariodesanpedro.com.ar\/sitio\/wp-json\/wp\/v2\/users\/4"}],"replies":[{"embeddable":true,"href":"https:\/\/eldiariodesanpedro.com.ar\/sitio\/wp-json\/wp\/v2\/comments?post=59219"}],"version-history":[{"count":1,"href":"https:\/\/eldiariodesanpedro.com.ar\/sitio\/wp-json\/wp\/v2\/posts\/59219\/revisions"}],"predecessor-version":[{"id":59221,"href":"https:\/\/eldiariodesanpedro.com.ar\/sitio\/wp-json\/wp\/v2\/posts\/59219\/revisions\/59221"}],"wp:featuredmedia":[{"embeddable":true,"href":"https:\/\/eldiariodesanpedro.com.ar\/sitio\/wp-json\/wp\/v2\/media\/59220"}],"wp:attachment":[{"href":"https:\/\/eldiariodesanpedro.com.ar\/sitio\/wp-json\/wp\/v2\/media?parent=59219"}],"wp:term":[{"taxonomy":"category","embeddable":true,"href":"https:\/\/eldiariodesanpedro.com.ar\/sitio\/wp-json\/wp\/v2\/categories?post=59219"},{"taxonomy":"post_tag","embeddable":true,"href":"https:\/\/eldiariodesanpedro.com.ar\/sitio\/wp-json\/wp\/v2\/tags?post=59219"}],"curies":[{"name":"wp","href":"https:\/\/api.w.org\/{rel}","templated":true}]}}