{"id":59216,"date":"2019-09-02T16:39:50","date_gmt":"2019-09-02T19:39:50","guid":{"rendered":"https:\/\/eldiariodesanpedro.com.ar\/sitio\/?p=59216"},"modified":"2019-09-02T16:39:54","modified_gmt":"2019-09-02T19:39:54","slug":"ramallo-compro-un-tv-robado-y-ahora-tiene-una-causa-por-encubrimiento","status":"publish","type":"post","link":"https:\/\/eldiariodesanpedro.com.ar\/sitio\/ramallo-compro-un-tv-robado-y-ahora-tiene-una-causa-por-encubrimiento\/","title":{"rendered":"RAMALLO | Compr\u00f3 un TV robado y ahora tiene una causa por encubrimiento"},"content":{"rendered":"<!-- VideographyWP Plugin Message: Automatic video embedding prevented by plugin options. -->\n\n<p>\n\nEl jueves, un hombre mayor de edad de Villa General Savio fue demorado por personal de la Estaci\u00f3n Comunal Segunda tras haber adquirido un Smart LED TV que hab\u00eda sido robado horas antes.<\/p>\n\n\n\n<p>La denuncia del robo hab\u00eda sido efectuada a las 19 horas, por Delia Plassi, a quien le hab\u00edan violentado la puerta balc\u00f3n para ingresar a su domicilio, ubicado en calle Roque S\u00e1enz Pe\u00f1a al 500.<\/p>\n\n\n\n<p>El informe policial enviado a los medios de comunicaci\u00f3n, indica que se pudo determinar el comprador del televisor y se le inicio una causa por encubrimiento.<\/p>\n\n\n\n<p>Luego, y mediante las c\u00e1maras de seguridad, se estableci\u00f3 que fueron dos sujetos, que se desplazaron en motocicleta, los autores del il\u00edcito.<\/p>\n\n\n\n<p>Fuente: Ramallo Informa<\/p>\n","protected":false},"excerpt":{"rendered":"<p>El jueves, un hombre mayor de edad de Villa General Savio fue demorado por personal de la Estaci\u00f3n Comunal Segunda tras haber adquirido un Smart LED TV que hab\u00eda sido robado horas antes. La denuncia del robo hab\u00eda sido efectuada a las 19 horas, por Delia Plassi, a quien le hab\u00edan violentado la puerta balc\u00f3n [&hellip;]<\/p>\n","protected":false},"author":4,"featured_media":59217,"comment_status":"open","ping_status":"closed","sticky":false,"template":"","format":"standard","meta":{"om_disable_all_campaigns":false,"_jetpack_memberships_contains_paid_content":false,"footnotes":""},"categories":[621],"tags":[],"class_list":["post-59216","post","type-post","status-publish","format-standard","has-post-thumbnail","hentry","category-regionales"],"aioseo_notices":[],"gutentor_comment":0,"jetpack_featured_media_url":"https:\/\/eldiariodesanpedro.com.ar\/sitio\/wp-content\/uploads\/2019\/09\/villa-general-savio.jpg","jetpack_shortlink":"https:\/\/wp.me\/p6RhLt-fp6","jetpack_sharing_enabled":true,"_links":{"self":[{"href":"https:\/\/eldiariodesanpedro.com.ar\/sitio\/wp-json\/wp\/v2\/posts\/59216","targetHints":{"allow":["GET"]}}],"collection":[{"href":"https:\/\/eldiariodesanpedro.com.ar\/sitio\/wp-json\/wp\/v2\/posts"}],"about":[{"href":"https:\/\/eldiariodesanpedro.com.ar\/sitio\/wp-json\/wp\/v2\/types\/post"}],"author":[{"embeddable":true,"href":"https:\/\/eldiariodesanpedro.com.ar\/sitio\/wp-json\/wp\/v2\/users\/4"}],"replies":[{"embeddable":true,"href":"https:\/\/eldiariodesanpedro.com.ar\/sitio\/wp-json\/wp\/v2\/comments?post=59216"}],"version-history":[{"count":1,"href":"https:\/\/eldiariodesanpedro.com.ar\/sitio\/wp-json\/wp\/v2\/posts\/59216\/revisions"}],"predecessor-version":[{"id":59218,"href":"https:\/\/eldiariodesanpedro.com.ar\/sitio\/wp-json\/wp\/v2\/posts\/59216\/revisions\/59218"}],"wp:featuredmedia":[{"embeddable":true,"href":"https:\/\/eldiariodesanpedro.com.ar\/sitio\/wp-json\/wp\/v2\/media\/59217"}],"wp:attachment":[{"href":"https:\/\/eldiariodesanpedro.com.ar\/sitio\/wp-json\/wp\/v2\/media?parent=59216"}],"wp:term":[{"taxonomy":"category","embeddable":true,"href":"https:\/\/eldiariodesanpedro.com.ar\/sitio\/wp-json\/wp\/v2\/categories?post=59216"},{"taxonomy":"post_tag","embeddable":true,"href":"https:\/\/eldiariodesanpedro.com.ar\/sitio\/wp-json\/wp\/v2\/tags?post=59216"}],"curies":[{"name":"wp","href":"https:\/\/api.w.org\/{rel}","templated":true}]}}