{"id":59213,"date":"2019-09-02T16:32:35","date_gmt":"2019-09-02T19:32:35","guid":{"rendered":"https:\/\/eldiariodesanpedro.com.ar\/sitio\/?p=59213"},"modified":"2019-09-02T16:32:39","modified_gmt":"2019-09-02T19:32:39","slug":"campana-un-hombre-murio-calcinado-tras-incendiarse-su-casa","status":"publish","type":"post","link":"https:\/\/eldiariodesanpedro.com.ar\/sitio\/campana-un-hombre-murio-calcinado-tras-incendiarse-su-casa\/","title":{"rendered":"CAMPANA | Un hombre muri\u00f3 calcinado tras incendiarse su casa"},"content":{"rendered":"<!-- VideographyWP Plugin Message: Automatic video embedding prevented by plugin options. -->\n\n<p>\n\nEl fuego consumi\u00f3 por completo una precaria casilla en calle Uruguay al 1500, en San Felipe. Dos dotaciones de Bomberos lograron extinguir el fuego, hallando en el interior del lugar el cuerpo calcinado de su habitante.<\/p>\n\n\n\n<p>Ayer, cerca de las 23.30 hs, un incendio consumi\u00f3 por completo una humilde vivienda de calle Uruguay al 1500, en el barrio San Felipe.<br>Se hicieron presentes los m\u00f3viles 31 y 36 de bomberos, a cargo de Sub Ayudante Cristi\u00e1n Padula, quienes con l\u00edneas devanaderas lograron sofocar el siniestro, aunque las p\u00e9rdidas fueron totales debido a la gran cantidad de madera y cart\u00f3n que conformaba la estructura del lugar, consumi\u00e9ndose r\u00e1pidamente.<br><br>Sin embargo, al revisar el lugar, hallaron el cuerpo de un hombre de mediana edad, calcinado debajo de una heladera. La v\u00edctima fatal fue identificada como Rub\u00e9n Vel\u00e1zquez, quien seg\u00fan vecinos era el habitante del lugar.&nbsp;<br><br>Testimonios recogidos en el lugar se\u00f1alan que Vel\u00e1zquez hab\u00eda sido visto horas antes en estado de ebriedad. Presuntamente, al acostarse a dormir se habr\u00eda desatado el incendio, el cual pudo iniciarse en una estufa el\u00e9ctrica que la v\u00edctima sol\u00eda tener junto a su cama, se\u00f1alaban las versiones de quienes lo conoc\u00edan.<br><br>El m\u00f3vil del CP zona 6 y una ambulancia del Same acudieron al lugar, donde mujer fue asistida producto de una crisis de nervios.<\/p>\n","protected":false},"excerpt":{"rendered":"<p>El fuego consumi\u00f3 por completo una precaria casilla en calle Uruguay al 1500, en San Felipe. Dos dotaciones de Bomberos lograron extinguir el fuego, hallando en el interior del lugar el cuerpo calcinado de su habitante. Ayer, cerca de las 23.30 hs, un incendio consumi\u00f3 por completo una humilde vivienda de calle Uruguay al 1500, [&hellip;]<\/p>\n","protected":false},"author":4,"featured_media":59214,"comment_status":"open","ping_status":"closed","sticky":false,"template":"","format":"standard","meta":{"om_disable_all_campaigns":false,"_jetpack_memberships_contains_paid_content":false,"footnotes":""},"categories":[621],"tags":[],"class_list":["post-59213","post","type-post","status-publish","format-standard","has-post-thumbnail","hentry","category-regionales"],"aioseo_notices":[],"gutentor_comment":0,"jetpack_featured_media_url":"https:\/\/eldiariodesanpedro.com.ar\/sitio\/wp-content\/uploads\/2019\/09\/20190901090317.jpg","jetpack_shortlink":"https:\/\/wp.me\/p6RhLt-fp3","jetpack_sharing_enabled":true,"_links":{"self":[{"href":"https:\/\/eldiariodesanpedro.com.ar\/sitio\/wp-json\/wp\/v2\/posts\/59213","targetHints":{"allow":["GET"]}}],"collection":[{"href":"https:\/\/eldiariodesanpedro.com.ar\/sitio\/wp-json\/wp\/v2\/posts"}],"about":[{"href":"https:\/\/eldiariodesanpedro.com.ar\/sitio\/wp-json\/wp\/v2\/types\/post"}],"author":[{"embeddable":true,"href":"https:\/\/eldiariodesanpedro.com.ar\/sitio\/wp-json\/wp\/v2\/users\/4"}],"replies":[{"embeddable":true,"href":"https:\/\/eldiariodesanpedro.com.ar\/sitio\/wp-json\/wp\/v2\/comments?post=59213"}],"version-history":[{"count":1,"href":"https:\/\/eldiariodesanpedro.com.ar\/sitio\/wp-json\/wp\/v2\/posts\/59213\/revisions"}],"predecessor-version":[{"id":59215,"href":"https:\/\/eldiariodesanpedro.com.ar\/sitio\/wp-json\/wp\/v2\/posts\/59213\/revisions\/59215"}],"wp:featuredmedia":[{"embeddable":true,"href":"https:\/\/eldiariodesanpedro.com.ar\/sitio\/wp-json\/wp\/v2\/media\/59214"}],"wp:attachment":[{"href":"https:\/\/eldiariodesanpedro.com.ar\/sitio\/wp-json\/wp\/v2\/media?parent=59213"}],"wp:term":[{"taxonomy":"category","embeddable":true,"href":"https:\/\/eldiariodesanpedro.com.ar\/sitio\/wp-json\/wp\/v2\/categories?post=59213"},{"taxonomy":"post_tag","embeddable":true,"href":"https:\/\/eldiariodesanpedro.com.ar\/sitio\/wp-json\/wp\/v2\/tags?post=59213"}],"curies":[{"name":"wp","href":"https:\/\/api.w.org\/{rel}","templated":true}]}}