{"id":59205,"date":"2019-09-02T16:09:07","date_gmt":"2019-09-02T19:09:07","guid":{"rendered":"https:\/\/eldiariodesanpedro.com.ar\/sitio\/?p=59205"},"modified":"2019-09-02T16:09:13","modified_gmt":"2019-09-02T19:09:13","slug":"zarate-una-camioneta-cayo-por-las-escaleras-de-bernardo-de-irigoyen","status":"publish","type":"post","link":"https:\/\/eldiariodesanpedro.com.ar\/sitio\/zarate-una-camioneta-cayo-por-las-escaleras-de-bernardo-de-irigoyen\/","title":{"rendered":"Z\u00c1RATE | Una camioneta cay\u00f3 por las escaleras de Bernardo de Irigoyen"},"content":{"rendered":"<!-- VideographyWP Plugin Message: Automatic video embedding prevented by plugin options. -->\n\n<p><strong>Esta madrugada de lunes, cerca de las cinco de la ma\u00f1ana, ocurri\u00f3 un ins\u00f3lito e inesperado accidente en el bajo zarate\u00f1o.<\/strong><\/p>\n\n\n\n<p>El conductor de una camioneta circulaba por calle Bernardo de Irigoyen al 500, la \u00faltima cuadra antes de bajar desde Villa Fox al barrio Villa Florida.<\/p>\n\n\n\n<p>Sin embargo, el due\u00f1o de la camioneta tipo utilitaria Kangoo color blanca, nunca se percat\u00f3 que la calle termina al 500 y sin dudarlo, por motivos que se desconocen, sigui\u00f3 derecho impactando contra la baranda de las escaleras.<\/p>\n\n\n\n<p>El accidente despert\u00f3 a varios vecinos que escucharon el fuerte impacto y se acercaron para asistir al conductor, que result\u00f3 totalmente ileso pudiendo salir r\u00e1pidamente del rodado.<\/p>\n\n\n\n<p>Trabajadores de la empresa que realiza obras en el barrio pudo sacar el veh\u00edculo colocando lingas desde una retropala hacia la camioneta. Luego casi llegando al final, fueron empujando de a poco. Escal\u00f3n por escal\u00f3n.<\/p>\n\n\n\n<p>Esta historia tuvo un final casi perfecto. Es que el conductor rompi\u00f3 y tir\u00f3 la baranda. Ahora los vecinos piden al Municipio la reparaci\u00f3n correspondiente de la misma.<\/p>\n\n\n\n<figure class=\"wp-block-embed-facebook wp-block-embed is-type-video is-provider-facebook\"><div class=\"wp-block-embed__wrapper\">\n<div class=\"fb-video\" data-allowfullscreen=\"true\" data-href=\"https:\/\/www.facebook.com\/noticiascabletel\/videos\/439440960248162\/\" style=\"background-color: #fff; display: inline-block;\"><\/div>\n<\/div><\/figure>\n\n\n\n<p>Fuente: Impacto Local<\/p>\n","protected":false},"excerpt":{"rendered":"<p>Esta madrugada de lunes, cerca de las cinco de la ma\u00f1ana, ocurri\u00f3 un ins\u00f3lito e inesperado accidente en el bajo zarate\u00f1o. El conductor de una camioneta circulaba por calle Bernardo de Irigoyen al 500, la \u00faltima cuadra antes de bajar desde Villa Fox al barrio Villa Florida. Sin embargo, el due\u00f1o de la camioneta tipo [&hellip;]<\/p>\n","protected":false},"author":4,"featured_media":59206,"comment_status":"open","ping_status":"closed","sticky":false,"template":"","format":"standard","meta":{"om_disable_all_campaigns":false,"_jetpack_memberships_contains_paid_content":false,"footnotes":""},"categories":[621],"tags":[],"class_list":["post-59205","post","type-post","status-publish","format-standard","has-post-thumbnail","hentry","category-regionales"],"aioseo_notices":[],"gutentor_comment":0,"jetpack_featured_media_url":"https:\/\/eldiariodesanpedro.com.ar\/sitio\/wp-content\/uploads\/2019\/09\/camioneta-en-escalera-bernardo-de-irigoyen.jpg","jetpack_shortlink":"https:\/\/wp.me\/p6RhLt-foV","jetpack_sharing_enabled":true,"_links":{"self":[{"href":"https:\/\/eldiariodesanpedro.com.ar\/sitio\/wp-json\/wp\/v2\/posts\/59205","targetHints":{"allow":["GET"]}}],"collection":[{"href":"https:\/\/eldiariodesanpedro.com.ar\/sitio\/wp-json\/wp\/v2\/posts"}],"about":[{"href":"https:\/\/eldiariodesanpedro.com.ar\/sitio\/wp-json\/wp\/v2\/types\/post"}],"author":[{"embeddable":true,"href":"https:\/\/eldiariodesanpedro.com.ar\/sitio\/wp-json\/wp\/v2\/users\/4"}],"replies":[{"embeddable":true,"href":"https:\/\/eldiariodesanpedro.com.ar\/sitio\/wp-json\/wp\/v2\/comments?post=59205"}],"version-history":[{"count":1,"href":"https:\/\/eldiariodesanpedro.com.ar\/sitio\/wp-json\/wp\/v2\/posts\/59205\/revisions"}],"predecessor-version":[{"id":59207,"href":"https:\/\/eldiariodesanpedro.com.ar\/sitio\/wp-json\/wp\/v2\/posts\/59205\/revisions\/59207"}],"wp:featuredmedia":[{"embeddable":true,"href":"https:\/\/eldiariodesanpedro.com.ar\/sitio\/wp-json\/wp\/v2\/media\/59206"}],"wp:attachment":[{"href":"https:\/\/eldiariodesanpedro.com.ar\/sitio\/wp-json\/wp\/v2\/media?parent=59205"}],"wp:term":[{"taxonomy":"category","embeddable":true,"href":"https:\/\/eldiariodesanpedro.com.ar\/sitio\/wp-json\/wp\/v2\/categories?post=59205"},{"taxonomy":"post_tag","embeddable":true,"href":"https:\/\/eldiariodesanpedro.com.ar\/sitio\/wp-json\/wp\/v2\/tags?post=59205"}],"curies":[{"name":"wp","href":"https:\/\/api.w.org\/{rel}","templated":true}]}}