{"id":59202,"date":"2019-09-02T16:05:21","date_gmt":"2019-09-02T19:05:21","guid":{"rendered":"https:\/\/eldiariodesanpedro.com.ar\/sitio\/?p=59202"},"modified":"2019-09-02T16:05:25","modified_gmt":"2019-09-02T19:05:25","slug":"san-nicolas-por-esquivar-un-perro-colisiono-a-un-coche-estacionado-y-a-una-columna","status":"publish","type":"post","link":"https:\/\/eldiariodesanpedro.com.ar\/sitio\/san-nicolas-por-esquivar-un-perro-colisiono-a-un-coche-estacionado-y-a-una-columna\/","title":{"rendered":"SAN NICOL\u00c1S | Por esquivar un perro colision\u00f3 a un coche estacionado y a una columna"},"content":{"rendered":"<!-- VideographyWP Plugin Message: Automatic video embedding prevented by plugin options. -->\n\n<p>\n\nEl hecho ocurri\u00f3 esta ma\u00f1ana, alrededor de las 9:00 en barrio Don Am\u00e9rico. El conductor del auto responsable del accidente, se\u00f1al\u00f3 que un perro se le cruz\u00f3 en el camino ocasionando el incidente.<\/p>\n\n\n\n<p>Un Gol negro colision\u00f3 con una columna y luego con un auto estacionado en calle Almirante D\u00edaz al 15, cuyo propietario hab\u00eda descendido hac\u00eda pocos minutos.<\/p>\n\n\n\n<p>El conductor manifest\u00f3 a la polic\u00eda que quiso esquivar un perro, perdiendo el control del veh\u00edculo. Afortunadamente s\u00f3lo fueron da\u00f1os materiales. <\/p>\n\n\n\n<p>Fuente: Diario El Informante <\/p>\n","protected":false},"excerpt":{"rendered":"<p>El hecho ocurri\u00f3 esta ma\u00f1ana, alrededor de las 9:00 en barrio Don Am\u00e9rico. El conductor del auto responsable del accidente, se\u00f1al\u00f3 que un perro se le cruz\u00f3 en el camino ocasionando el incidente. Un Gol negro colision\u00f3 con una columna y luego con un auto estacionado en calle Almirante D\u00edaz al 15, cuyo propietario hab\u00eda [&hellip;]<\/p>\n","protected":false},"author":4,"featured_media":59203,"comment_status":"open","ping_status":"closed","sticky":false,"template":"","format":"standard","meta":{"om_disable_all_campaigns":false,"_jetpack_memberships_contains_paid_content":false,"footnotes":""},"categories":[621],"tags":[],"class_list":["post-59202","post","type-post","status-publish","format-standard","has-post-thumbnail","hentry","category-regionales"],"aioseo_notices":[],"gutentor_comment":0,"jetpack_featured_media_url":"https:\/\/eldiariodesanpedro.com.ar\/sitio\/wp-content\/uploads\/2019\/09\/conmarca21892.jpg","jetpack_shortlink":"https:\/\/wp.me\/p6RhLt-foS","jetpack_sharing_enabled":true,"_links":{"self":[{"href":"https:\/\/eldiariodesanpedro.com.ar\/sitio\/wp-json\/wp\/v2\/posts\/59202","targetHints":{"allow":["GET"]}}],"collection":[{"href":"https:\/\/eldiariodesanpedro.com.ar\/sitio\/wp-json\/wp\/v2\/posts"}],"about":[{"href":"https:\/\/eldiariodesanpedro.com.ar\/sitio\/wp-json\/wp\/v2\/types\/post"}],"author":[{"embeddable":true,"href":"https:\/\/eldiariodesanpedro.com.ar\/sitio\/wp-json\/wp\/v2\/users\/4"}],"replies":[{"embeddable":true,"href":"https:\/\/eldiariodesanpedro.com.ar\/sitio\/wp-json\/wp\/v2\/comments?post=59202"}],"version-history":[{"count":1,"href":"https:\/\/eldiariodesanpedro.com.ar\/sitio\/wp-json\/wp\/v2\/posts\/59202\/revisions"}],"predecessor-version":[{"id":59204,"href":"https:\/\/eldiariodesanpedro.com.ar\/sitio\/wp-json\/wp\/v2\/posts\/59202\/revisions\/59204"}],"wp:featuredmedia":[{"embeddable":true,"href":"https:\/\/eldiariodesanpedro.com.ar\/sitio\/wp-json\/wp\/v2\/media\/59203"}],"wp:attachment":[{"href":"https:\/\/eldiariodesanpedro.com.ar\/sitio\/wp-json\/wp\/v2\/media?parent=59202"}],"wp:term":[{"taxonomy":"category","embeddable":true,"href":"https:\/\/eldiariodesanpedro.com.ar\/sitio\/wp-json\/wp\/v2\/categories?post=59202"},{"taxonomy":"post_tag","embeddable":true,"href":"https:\/\/eldiariodesanpedro.com.ar\/sitio\/wp-json\/wp\/v2\/tags?post=59202"}],"curies":[{"name":"wp","href":"https:\/\/api.w.org\/{rel}","templated":true}]}}