{"id":59199,"date":"2019-09-02T16:01:28","date_gmt":"2019-09-02T19:01:28","guid":{"rendered":"https:\/\/eldiariodesanpedro.com.ar\/sitio\/?p=59199"},"modified":"2019-09-02T16:01:32","modified_gmt":"2019-09-02T19:01:32","slug":"san-nicolas-condenado-a-cuatro-anos-de-prision-por-el-robo-a-una-estacion-de-servicios","status":"publish","type":"post","link":"https:\/\/eldiariodesanpedro.com.ar\/sitio\/san-nicolas-condenado-a-cuatro-anos-de-prision-por-el-robo-a-una-estacion-de-servicios\/","title":{"rendered":"SAN NICOL\u00c1S | Condenado a cuatro a\u00f1os de prisi\u00f3n por el robo a una estaci\u00f3n de servicios"},"content":{"rendered":"<!-- VideographyWP Plugin Message: Automatic video embedding prevented by plugin options. -->\n\n<p>La Sra. Juez del Tribunal en lo Criminal N\u00b0 1, Dra. Laura Mercedes Fern\u00e1ndez, resolvi\u00f3 condenar a Alan Leonardo Nahuel Ceballos, como coautor penalmente responsable del delito robo calificado por el uso de arma, en los t\u00e9rminos del art\u00edculo 166 inciso 2\u00ba p\u00e1rrafo 3\u00ba del C\u00f3digo Penal, a la pena de tres a\u00f1os de prisi\u00f3n de efectivo cumplimiento y, en definitiva a la pena \u00fanica de cuatro a\u00f1os de prisi\u00f3n, que comprende la pena dictada en la presente causa y la de tres a\u00f1os de prisi\u00f3n de ejecuci\u00f3n condicional impuesta en una causa anterior.<\/p>\n\n\n\n<p>El 2 de mayo de 2018, aproximadamente a las 4, Alan Leonardo Nahuel Ceballos en compa\u00f1\u00eda de un sujeto no identificado ingresaron a la oficina de empleados de la estaci\u00f3n de servicios Axion sita en la intersecci\u00f3n de la avenida Savio y calle Cochabamba de San Nicol\u00e1s y previo intimidar con un arma de fuego al empleado Santiago se apoderaron ileg\u00edtimamente de una mochila que conten\u00eda dinero, efectos personales, documentaci\u00f3n y un tel\u00e9fono celular como as\u00ed tambi\u00e9n de $ 600 de la caja registradora del comercio.<\/p>\n\n\n\n<p>En el acta de procedimiento consta lo actuado por el personal policial el d\u00eda 2 de mayo de 2018 a las 4,45 que anoticiado v\u00eda radial de que dos sujetos circulaban a bordo de una motocicleta luego de haber cometido un il\u00edcito en la estaci\u00f3n de servicios Axion ubicada en la intersecci\u00f3n de las calles Cochabamba y avenida Savio de San Nicol\u00e1s y de que uno de los sujetos vest\u00eda una campera tipo militar camuflado, luego de divisar una motocicleta de las caracter\u00edsticas aportadas y seguirla procedi\u00f3 a la aprehensi\u00f3n de Alan Ceballos cuando intentaba ingresar a su domicilio sito en calle Am\u00e9rica, vestido tal como se hab\u00eda comunicado, dejando constancia de que otro sujeto se hab\u00eda dado a la fuga conduciendo el veh\u00edculo divisado y del cual hab\u00eda descendido Ceballos.<\/p>\n\n\n\n<p>Fuente: Diario El Norte<\/p>\n","protected":false},"excerpt":{"rendered":"<p>La Sra. Juez del Tribunal en lo Criminal N\u00b0 1, Dra. Laura Mercedes Fern\u00e1ndez, resolvi\u00f3 condenar a Alan Leonardo Nahuel Ceballos, como coautor penalmente responsable del delito robo calificado por el uso de arma, en los t\u00e9rminos del art\u00edculo 166 inciso 2\u00ba p\u00e1rrafo 3\u00ba del C\u00f3digo Penal, a la pena de tres a\u00f1os de prisi\u00f3n [&hellip;]<\/p>\n","protected":false},"author":4,"featured_media":59200,"comment_status":"open","ping_status":"closed","sticky":false,"template":"","format":"standard","meta":{"om_disable_all_campaigns":false,"_jetpack_memberships_contains_paid_content":false,"footnotes":""},"categories":[621],"tags":[],"class_list":["post-59199","post","type-post","status-publish","format-standard","has-post-thumbnail","hentry","category-regionales"],"aioseo_notices":[],"gutentor_comment":0,"jetpack_featured_media_url":"https:\/\/eldiariodesanpedro.com.ar\/sitio\/wp-content\/uploads\/2019\/09\/0.jpg","jetpack_shortlink":"https:\/\/wp.me\/p6RhLt-foP","jetpack_sharing_enabled":true,"_links":{"self":[{"href":"https:\/\/eldiariodesanpedro.com.ar\/sitio\/wp-json\/wp\/v2\/posts\/59199","targetHints":{"allow":["GET"]}}],"collection":[{"href":"https:\/\/eldiariodesanpedro.com.ar\/sitio\/wp-json\/wp\/v2\/posts"}],"about":[{"href":"https:\/\/eldiariodesanpedro.com.ar\/sitio\/wp-json\/wp\/v2\/types\/post"}],"author":[{"embeddable":true,"href":"https:\/\/eldiariodesanpedro.com.ar\/sitio\/wp-json\/wp\/v2\/users\/4"}],"replies":[{"embeddable":true,"href":"https:\/\/eldiariodesanpedro.com.ar\/sitio\/wp-json\/wp\/v2\/comments?post=59199"}],"version-history":[{"count":1,"href":"https:\/\/eldiariodesanpedro.com.ar\/sitio\/wp-json\/wp\/v2\/posts\/59199\/revisions"}],"predecessor-version":[{"id":59201,"href":"https:\/\/eldiariodesanpedro.com.ar\/sitio\/wp-json\/wp\/v2\/posts\/59199\/revisions\/59201"}],"wp:featuredmedia":[{"embeddable":true,"href":"https:\/\/eldiariodesanpedro.com.ar\/sitio\/wp-json\/wp\/v2\/media\/59200"}],"wp:attachment":[{"href":"https:\/\/eldiariodesanpedro.com.ar\/sitio\/wp-json\/wp\/v2\/media?parent=59199"}],"wp:term":[{"taxonomy":"category","embeddable":true,"href":"https:\/\/eldiariodesanpedro.com.ar\/sitio\/wp-json\/wp\/v2\/categories?post=59199"},{"taxonomy":"post_tag","embeddable":true,"href":"https:\/\/eldiariodesanpedro.com.ar\/sitio\/wp-json\/wp\/v2\/tags?post=59199"}],"curies":[{"name":"wp","href":"https:\/\/api.w.org\/{rel}","templated":true}]}}