{"id":59196,"date":"2019-09-02T15:54:54","date_gmt":"2019-09-02T18:54:54","guid":{"rendered":"https:\/\/eldiariodesanpedro.com.ar\/sitio\/?p=59196"},"modified":"2019-09-02T15:54:58","modified_gmt":"2019-09-02T18:54:58","slug":"rockeando-letras-ii-en-la-biblioteca-popular","status":"publish","type":"post","link":"https:\/\/eldiariodesanpedro.com.ar\/sitio\/rockeando-letras-ii-en-la-biblioteca-popular\/","title":{"rendered":"\u00abRockeando Letras II\u00bb en la Biblioteca Popular"},"content":{"rendered":"<!-- VideographyWP Plugin Message: Automatic video embedding prevented by plugin options. -->\n\n<p>En en marco de los festejos por el cumplea\u00f1os n\u00b0 147 de la Biblioteca Popular Rafael Obligado, se har\u00e1 un actividad de promoci\u00f3n de lecturas llamada \u00abRockeando Letras II\u00bb donde tocar\u00e1n las bandas: Ivana Rodriguez y Caro Damianovich, Musgo y\u00a0 Etruscos, donde tocar\u00e1n cover de bandas o cantantes del rock nacional y temas propios. <\/p>\n\n\n\n<p>En base a estos referentes del rock nacional se expondr\u00e1 y hablar\u00e1 de las influencias literarias de dichos referentes. Simult\u00e1neamente habr\u00e1 Feria del Libro repetido, or\u00e1culo po\u00e9tico y promociones para asociarse a la biblioteca. La cita es el s\u00e1bado 7 de septiembre a las 16h, en la Biblioteca, Mitre 460. <\/p>\n\n\n\n<figure class=\"wp-block-image\"><img decoding=\"async\" width=\"724\" height=\"1024\" data-attachment-id=\"59197\" data-permalink=\"https:\/\/eldiariodesanpedro.com.ar\/sitio\/rockeando-letras-ii-en-la-biblioteca-popular\/promo_biblio\/\" data-orig-file=\"https:\/\/eldiariodesanpedro.com.ar\/sitio\/wp-content\/uploads\/2019\/09\/promo_biblio.jpg\" data-orig-size=\"2339,3307\" data-comments-opened=\"1\" data-image-meta=\"{&quot;aperture&quot;:&quot;0&quot;,&quot;credit&quot;:&quot;&quot;,&quot;camera&quot;:&quot;&quot;,&quot;caption&quot;:&quot;&quot;,&quot;created_timestamp&quot;:&quot;0&quot;,&quot;copyright&quot;:&quot;&quot;,&quot;focal_length&quot;:&quot;0&quot;,&quot;iso&quot;:&quot;0&quot;,&quot;shutter_speed&quot;:&quot;0&quot;,&quot;title&quot;:&quot;&quot;,&quot;orientation&quot;:&quot;1&quot;}\" data-image-title=\"promo_biblio\" data-image-description=\"\" data-image-caption=\"\" data-large-file=\"https:\/\/eldiariodesanpedro.com.ar\/sitio\/wp-content\/uploads\/2019\/09\/promo_biblio-724x1024.jpg\" data-src=\"https:\/\/eldiariodesanpedro.com.ar\/sitio\/wp-content\/uploads\/2019\/09\/promo_biblio-724x1024.jpg\" alt=\"\" class=\"wp-image-59197 lazyload\" data-srcset=\"https:\/\/eldiariodesanpedro.com.ar\/sitio\/wp-content\/uploads\/2019\/09\/promo_biblio-724x1024.jpg 724w, https:\/\/eldiariodesanpedro.com.ar\/sitio\/wp-content\/uploads\/2019\/09\/promo_biblio-212x300.jpg 212w, https:\/\/eldiariodesanpedro.com.ar\/sitio\/wp-content\/uploads\/2019\/09\/promo_biblio-768x1086.jpg 768w\" data-sizes=\"(max-width: 724px) 100vw, 724px\" src=\"data:image\/svg+xml;base64,PHN2ZyB3aWR0aD0iMSIgaGVpZ2h0PSIxIiB4bWxucz0iaHR0cDovL3d3dy53My5vcmcvMjAwMC9zdmciPjwvc3ZnPg==\" style=\"--smush-placeholder-width: 724px; --smush-placeholder-aspect-ratio: 724\/1024;\" \/><\/figure>\n","protected":false},"excerpt":{"rendered":"<p>En en marco de los festejos por el cumplea\u00f1os n\u00b0 147 de la Biblioteca Popular Rafael Obligado, se har\u00e1 un actividad de promoci\u00f3n de lecturas llamada \u00abRockeando Letras II\u00bb donde tocar\u00e1n las bandas: Ivana Rodriguez y Caro Damianovich, Musgo y\u00a0 Etruscos, donde tocar\u00e1n cover de bandas o cantantes del rock nacional y temas propios. En [&hellip;]<\/p>\n","protected":false},"author":4,"featured_media":42837,"comment_status":"open","ping_status":"closed","sticky":false,"template":"","format":"standard","meta":{"om_disable_all_campaigns":false,"_jetpack_memberships_contains_paid_content":false,"footnotes":""},"categories":[101,2],"tags":[],"class_list":["post-59196","post","type-post","status-publish","format-standard","has-post-thumbnail","hentry","category-interes-general-locales","category-locales"],"aioseo_notices":[],"gutentor_comment":0,"jetpack_featured_media_url":"https:\/\/eldiariodesanpedro.com.ar\/sitio\/wp-content\/uploads\/2018\/11\/Biblioteca-historiadores-2.jpg","jetpack_shortlink":"https:\/\/wp.me\/p6RhLt-foM","jetpack_sharing_enabled":true,"_links":{"self":[{"href":"https:\/\/eldiariodesanpedro.com.ar\/sitio\/wp-json\/wp\/v2\/posts\/59196","targetHints":{"allow":["GET"]}}],"collection":[{"href":"https:\/\/eldiariodesanpedro.com.ar\/sitio\/wp-json\/wp\/v2\/posts"}],"about":[{"href":"https:\/\/eldiariodesanpedro.com.ar\/sitio\/wp-json\/wp\/v2\/types\/post"}],"author":[{"embeddable":true,"href":"https:\/\/eldiariodesanpedro.com.ar\/sitio\/wp-json\/wp\/v2\/users\/4"}],"replies":[{"embeddable":true,"href":"https:\/\/eldiariodesanpedro.com.ar\/sitio\/wp-json\/wp\/v2\/comments?post=59196"}],"version-history":[{"count":1,"href":"https:\/\/eldiariodesanpedro.com.ar\/sitio\/wp-json\/wp\/v2\/posts\/59196\/revisions"}],"predecessor-version":[{"id":59198,"href":"https:\/\/eldiariodesanpedro.com.ar\/sitio\/wp-json\/wp\/v2\/posts\/59196\/revisions\/59198"}],"wp:featuredmedia":[{"embeddable":true,"href":"https:\/\/eldiariodesanpedro.com.ar\/sitio\/wp-json\/wp\/v2\/media\/42837"}],"wp:attachment":[{"href":"https:\/\/eldiariodesanpedro.com.ar\/sitio\/wp-json\/wp\/v2\/media?parent=59196"}],"wp:term":[{"taxonomy":"category","embeddable":true,"href":"https:\/\/eldiariodesanpedro.com.ar\/sitio\/wp-json\/wp\/v2\/categories?post=59196"},{"taxonomy":"post_tag","embeddable":true,"href":"https:\/\/eldiariodesanpedro.com.ar\/sitio\/wp-json\/wp\/v2\/tags?post=59196"}],"curies":[{"name":"wp","href":"https:\/\/api.w.org\/{rel}","templated":true}]}}