{"id":59187,"date":"2019-09-02T09:04:14","date_gmt":"2019-09-02T12:04:14","guid":{"rendered":"https:\/\/eldiariodesanpedro.com.ar\/sitio\/?p=59187"},"modified":"2019-09-02T09:10:08","modified_gmt":"2019-09-02T12:10:08","slug":"tras-rapida-accion-policial-se-recupero-una-moto-recientemente-sustraida","status":"publish","type":"post","link":"https:\/\/eldiariodesanpedro.com.ar\/sitio\/tras-rapida-accion-policial-se-recupero-una-moto-recientemente-sustraida\/","title":{"rendered":"Tras r\u00e1pida acci\u00f3n policial se recuper\u00f3 una moto recientemente sustra\u00edda"},"content":{"rendered":"<!-- VideographyWP Plugin Message: Automatic video embedding prevented by plugin options. -->\n\n<p>En el marco de operativo dispuesto por la superioridad personal del Grupo de Apoyo Departamental GAD procedi\u00f3 al secuestro de una motocicleta recientemente sustra\u00edda por un delincuente.<\/p>\n\n\n\n<p>El hecho ocurri\u00f3 por la noche del domingo cuando los efectivos fueron alertados por un intento de robo al Club Deportivo Paran\u00e1, donde un malviviente se da a la fuga tras presencia policial dejando abandonado el rodado.<\/p>\n\n\n\n<p>Se trata de una Guerrero Trip 110 cc hallada sobre calle Almafuerte entre Novillo y Beaumont.<\/p>\n\n\n\n<p>Tras cursar caracter\u00edsticas en el sistema inform\u00e1tico policial desde la dependencia constatan que se tratar\u00eda del mismo veh\u00edculo que estaba siendo denunciado por su propietaria.<\/p>\n\n\n\n<p>En ese momento proceden a la dependencia con el secuestro entreg\u00e1ndose a la denunciante quien no termin\u00f3 de radicar la denuncia.<\/p>\n\n\n\n<p>Interviene fiscal\u00eda N\u00b05 a cargo del Dr Manso<\/p>\n\n\n\n<figure class=\"wp-block-image\"><img decoding=\"async\" width=\"942\" height=\"1024\" data-attachment-id=\"59186\" data-permalink=\"https:\/\/eldiariodesanpedro.com.ar\/sitio\/img-20190901-wa0050\/\" data-orig-file=\"https:\/\/eldiariodesanpedro.com.ar\/sitio\/wp-content\/uploads\/2019\/09\/IMG-20190901-WA0050.jpg\" data-orig-size=\"1177,1280\" data-comments-opened=\"1\" data-image-meta=\"{&quot;aperture&quot;:&quot;0&quot;,&quot;credit&quot;:&quot;&quot;,&quot;camera&quot;:&quot;&quot;,&quot;caption&quot;:&quot;&quot;,&quot;created_timestamp&quot;:&quot;0&quot;,&quot;copyright&quot;:&quot;&quot;,&quot;focal_length&quot;:&quot;0&quot;,&quot;iso&quot;:&quot;0&quot;,&quot;shutter_speed&quot;:&quot;0&quot;,&quot;title&quot;:&quot;&quot;,&quot;orientation&quot;:&quot;0&quot;}\" data-image-title=\"IMG-20190901-WA0050\" data-image-description=\"\" data-image-caption=\"\" data-large-file=\"https:\/\/eldiariodesanpedro.com.ar\/sitio\/wp-content\/uploads\/2019\/09\/IMG-20190901-WA0050-942x1024.jpg\" data-src=\"https:\/\/eldiariodesanpedro.com.ar\/sitio\/wp-content\/uploads\/2019\/09\/IMG-20190901-WA0050-942x1024.jpg\" alt=\"\" class=\"wp-image-59186 lazyload\" data-srcset=\"https:\/\/eldiariodesanpedro.com.ar\/sitio\/wp-content\/uploads\/2019\/09\/IMG-20190901-WA0050-942x1024.jpg 942w, https:\/\/eldiariodesanpedro.com.ar\/sitio\/wp-content\/uploads\/2019\/09\/IMG-20190901-WA0050-276x300.jpg 276w, https:\/\/eldiariodesanpedro.com.ar\/sitio\/wp-content\/uploads\/2019\/09\/IMG-20190901-WA0050-768x835.jpg 768w, https:\/\/eldiariodesanpedro.com.ar\/sitio\/wp-content\/uploads\/2019\/09\/IMG-20190901-WA0050.jpg 1177w\" data-sizes=\"(max-width: 942px) 100vw, 942px\" src=\"data:image\/svg+xml;base64,PHN2ZyB3aWR0aD0iMSIgaGVpZ2h0PSIxIiB4bWxucz0iaHR0cDovL3d3dy53My5vcmcvMjAwMC9zdmciPjwvc3ZnPg==\" style=\"--smush-placeholder-width: 942px; --smush-placeholder-aspect-ratio: 942\/1024;\" \/><\/figure>\n","protected":false},"excerpt":{"rendered":"<p>En el marco de operativo dispuesto por la superioridad personal del Grupo de Apoyo Departamental GAD procedi\u00f3 al secuestro de una motocicleta recientemente sustra\u00edda por un delincuente. El hecho ocurri\u00f3 por la noche del domingo cuando los efectivos fueron alertados por un intento de robo al Club Deportivo Paran\u00e1, donde un malviviente se da a [&hellip;]<\/p>\n","protected":false},"author":4,"featured_media":59186,"comment_status":"open","ping_status":"closed","sticky":false,"template":"","format":"standard","meta":{"om_disable_all_campaigns":false,"_jetpack_memberships_contains_paid_content":false,"footnotes":""},"categories":[50,2,103],"tags":[],"class_list":["post-59187","post","type-post","status-publish","format-standard","has-post-thumbnail","hentry","category-destacadas","category-locales","category-policiales-locales"],"aioseo_notices":[],"gutentor_comment":0,"jetpack_featured_media_url":"https:\/\/eldiariodesanpedro.com.ar\/sitio\/wp-content\/uploads\/2019\/09\/IMG-20190901-WA0050.jpg","jetpack_shortlink":"https:\/\/wp.me\/p6RhLt-foD","jetpack_sharing_enabled":true,"_links":{"self":[{"href":"https:\/\/eldiariodesanpedro.com.ar\/sitio\/wp-json\/wp\/v2\/posts\/59187","targetHints":{"allow":["GET"]}}],"collection":[{"href":"https:\/\/eldiariodesanpedro.com.ar\/sitio\/wp-json\/wp\/v2\/posts"}],"about":[{"href":"https:\/\/eldiariodesanpedro.com.ar\/sitio\/wp-json\/wp\/v2\/types\/post"}],"author":[{"embeddable":true,"href":"https:\/\/eldiariodesanpedro.com.ar\/sitio\/wp-json\/wp\/v2\/users\/4"}],"replies":[{"embeddable":true,"href":"https:\/\/eldiariodesanpedro.com.ar\/sitio\/wp-json\/wp\/v2\/comments?post=59187"}],"version-history":[{"count":2,"href":"https:\/\/eldiariodesanpedro.com.ar\/sitio\/wp-json\/wp\/v2\/posts\/59187\/revisions"}],"predecessor-version":[{"id":59189,"href":"https:\/\/eldiariodesanpedro.com.ar\/sitio\/wp-json\/wp\/v2\/posts\/59187\/revisions\/59189"}],"wp:featuredmedia":[{"embeddable":true,"href":"https:\/\/eldiariodesanpedro.com.ar\/sitio\/wp-json\/wp\/v2\/media\/59186"}],"wp:attachment":[{"href":"https:\/\/eldiariodesanpedro.com.ar\/sitio\/wp-json\/wp\/v2\/media?parent=59187"}],"wp:term":[{"taxonomy":"category","embeddable":true,"href":"https:\/\/eldiariodesanpedro.com.ar\/sitio\/wp-json\/wp\/v2\/categories?post=59187"},{"taxonomy":"post_tag","embeddable":true,"href":"https:\/\/eldiariodesanpedro.com.ar\/sitio\/wp-json\/wp\/v2\/tags?post=59187"}],"curies":[{"name":"wp","href":"https:\/\/api.w.org\/{rel}","templated":true}]}}