{"id":59178,"date":"2019-09-01T16:04:45","date_gmt":"2019-09-01T19:04:45","guid":{"rendered":"https:\/\/eldiariodesanpedro.com.ar\/sitio\/?p=59178"},"modified":"2019-09-01T16:04:49","modified_gmt":"2019-09-01T19:04:49","slug":"piedrasos-y-disparos-contra-efectivos-policiales-en-el-barrio-hermano-indio","status":"publish","type":"post","link":"https:\/\/eldiariodesanpedro.com.ar\/sitio\/piedrasos-y-disparos-contra-efectivos-policiales-en-el-barrio-hermano-indio\/","title":{"rendered":"Piedrasos y disparos contra efectivos policiales en el Barrio Hermano Indio"},"content":{"rendered":"<!-- VideographyWP Plugin Message: Automatic video embedding prevented by plugin options. -->\n\n<p>Este domingo el personal policial de la comisar\u00eda local tras un llamado al 911 de un vecino procede identificaci\u00f3n de ciudadanos, en Pasillo Balcarce Bis y Cruz Roja, quienes emprenden huida efectuando disparos arma de fuego y arrojando objetos contundentes, provocando da\u00f1os m\u00f3vil policial identificable, por lo que personal repele acci\u00f3n con escopeta reglamentaria municiones antitumulto retir\u00e1ndose lugar. Personal Ileso. <\/p>\n\n\n\n<p>Foto Ilustrativa<\/p>\n","protected":false},"excerpt":{"rendered":"<p>Este domingo el personal policial de la comisar\u00eda local tras un llamado al 911 de un vecino procede identificaci\u00f3n de ciudadanos, en Pasillo Balcarce Bis y Cruz Roja, quienes emprenden huida efectuando disparos arma de fuego y arrojando objetos contundentes, provocando da\u00f1os m\u00f3vil policial identificable, por lo que personal repele acci\u00f3n con escopeta reglamentaria municiones [&hellip;]<\/p>\n","protected":false},"author":4,"featured_media":59179,"comment_status":"open","ping_status":"closed","sticky":false,"template":"","format":"standard","meta":{"om_disable_all_campaigns":false,"_jetpack_memberships_contains_paid_content":false,"footnotes":""},"categories":[2,103],"tags":[],"class_list":["post-59178","post","type-post","status-publish","format-standard","has-post-thumbnail","hentry","category-locales","category-policiales-locales"],"aioseo_notices":[],"gutentor_comment":0,"jetpack_featured_media_url":"https:\/\/eldiariodesanpedro.com.ar\/sitio\/wp-content\/uploads\/2019\/09\/20180808_082540-e1533733519552.jpg","jetpack_shortlink":"https:\/\/wp.me\/p6RhLt-fou","jetpack_sharing_enabled":true,"_links":{"self":[{"href":"https:\/\/eldiariodesanpedro.com.ar\/sitio\/wp-json\/wp\/v2\/posts\/59178","targetHints":{"allow":["GET"]}}],"collection":[{"href":"https:\/\/eldiariodesanpedro.com.ar\/sitio\/wp-json\/wp\/v2\/posts"}],"about":[{"href":"https:\/\/eldiariodesanpedro.com.ar\/sitio\/wp-json\/wp\/v2\/types\/post"}],"author":[{"embeddable":true,"href":"https:\/\/eldiariodesanpedro.com.ar\/sitio\/wp-json\/wp\/v2\/users\/4"}],"replies":[{"embeddable":true,"href":"https:\/\/eldiariodesanpedro.com.ar\/sitio\/wp-json\/wp\/v2\/comments?post=59178"}],"version-history":[{"count":1,"href":"https:\/\/eldiariodesanpedro.com.ar\/sitio\/wp-json\/wp\/v2\/posts\/59178\/revisions"}],"predecessor-version":[{"id":59180,"href":"https:\/\/eldiariodesanpedro.com.ar\/sitio\/wp-json\/wp\/v2\/posts\/59178\/revisions\/59180"}],"wp:featuredmedia":[{"embeddable":true,"href":"https:\/\/eldiariodesanpedro.com.ar\/sitio\/wp-json\/wp\/v2\/media\/59179"}],"wp:attachment":[{"href":"https:\/\/eldiariodesanpedro.com.ar\/sitio\/wp-json\/wp\/v2\/media?parent=59178"}],"wp:term":[{"taxonomy":"category","embeddable":true,"href":"https:\/\/eldiariodesanpedro.com.ar\/sitio\/wp-json\/wp\/v2\/categories?post=59178"},{"taxonomy":"post_tag","embeddable":true,"href":"https:\/\/eldiariodesanpedro.com.ar\/sitio\/wp-json\/wp\/v2\/tags?post=59178"}],"curies":[{"name":"wp","href":"https:\/\/api.w.org\/{rel}","templated":true}]}}