{"id":5912,"date":"2016-07-12T11:32:56","date_gmt":"2016-07-12T14:32:56","guid":{"rendered":"https:\/\/eldiariodesanpedro.com.ar\/sitio\/?p=5912"},"modified":"2016-07-12T11:38:17","modified_gmt":"2016-07-12T14:38:17","slug":"la-embajada-de-la-alegria","status":"publish","type":"post","link":"https:\/\/eldiariodesanpedro.com.ar\/sitio\/la-embajada-de-la-alegria\/","title":{"rendered":"La embajada de la Alegria"},"content":{"rendered":"<p><!-- VideographyWP Plugin Message: Automatic video embedding prevented by plugin options. --><br \/>\nJunto con la asuncion de Jos\u00e9 Luis Franchini como Coordinador del Centro de Referencia del Ministerio de Desarrollo Social de la Naci\u00f3n a las 11.00 en el Sal\u00f3n Dorado del municipio. Tambien llego la \u00bb Embajada de la Algeria\u00bb la cual se realiza en calle Pellegrini frente al municipio local, que realiza espect\u00e1culos circenses, globolog\u00eda y un grupo musical enviado por la Secretaria Nacional de la Ni\u00f1ez, Adolescencia y Familia.<br \/>\nDuarante el desarrollo del show se encuentran presentes alumnos de La Tosquera.<\/p>\n<p><a href=\"https:\/\/eldiariodesanpedro.com.ar\/sitio\/wp-content\/uploads\/2016\/07\/La-embajada-de-la-alegria-1.jpg\"><img decoding=\"async\" data-attachment-id=\"5915\" data-permalink=\"https:\/\/eldiariodesanpedro.com.ar\/sitio\/la-embajada-de-la-alegria\/la-embajada-de-la-alegria-1\/\" data-orig-file=\"https:\/\/eldiariodesanpedro.com.ar\/sitio\/wp-content\/uploads\/2016\/07\/La-embajada-de-la-alegria-1.jpg\" data-orig-size=\"1280,719\" data-comments-opened=\"1\" data-image-meta=\"{&quot;aperture&quot;:&quot;0&quot;,&quot;credit&quot;:&quot;&quot;,&quot;camera&quot;:&quot;&quot;,&quot;caption&quot;:&quot;&quot;,&quot;created_timestamp&quot;:&quot;0&quot;,&quot;copyright&quot;:&quot;&quot;,&quot;focal_length&quot;:&quot;0&quot;,&quot;iso&quot;:&quot;0&quot;,&quot;shutter_speed&quot;:&quot;0&quot;,&quot;title&quot;:&quot;&quot;,&quot;orientation&quot;:&quot;0&quot;}\" data-image-title=\"La embajada de la alegria 1\" data-image-description=\"\" data-image-caption=\"\" data-large-file=\"https:\/\/eldiariodesanpedro.com.ar\/sitio\/wp-content\/uploads\/2016\/07\/La-embajada-de-la-alegria-1-1024x575.jpg\" data-src=\"https:\/\/eldiariodesanpedro.com.ar\/sitio\/wp-content\/uploads\/2016\/07\/La-embajada-de-la-alegria-1-300x169.jpg\" alt=\"La embajada de la alegria 1\" width=\"300\" height=\"169\" class=\"alignnone size-medium wp-image-5915 lazyload\" data-srcset=\"https:\/\/eldiariodesanpedro.com.ar\/sitio\/wp-content\/uploads\/2016\/07\/La-embajada-de-la-alegria-1-300x169.jpg 300w, https:\/\/eldiariodesanpedro.com.ar\/sitio\/wp-content\/uploads\/2016\/07\/La-embajada-de-la-alegria-1-768x431.jpg 768w, https:\/\/eldiariodesanpedro.com.ar\/sitio\/wp-content\/uploads\/2016\/07\/La-embajada-de-la-alegria-1-1024x575.jpg 1024w, https:\/\/eldiariodesanpedro.com.ar\/sitio\/wp-content\/uploads\/2016\/07\/La-embajada-de-la-alegria-1.jpg 1280w\" data-sizes=\"(max-width: 300px) 100vw, 300px\" src=\"data:image\/svg+xml;base64,PHN2ZyB3aWR0aD0iMSIgaGVpZ2h0PSIxIiB4bWxucz0iaHR0cDovL3d3dy53My5vcmcvMjAwMC9zdmciPjwvc3ZnPg==\" style=\"--smush-placeholder-width: 300px; --smush-placeholder-aspect-ratio: 300\/169;\" \/><\/a><\/p>\n<p><a href=\"https:\/\/eldiariodesanpedro.com.ar\/sitio\/wp-content\/uploads\/2016\/07\/La-embajada-de-la-alegria-3.jpg\"><img decoding=\"async\" data-attachment-id=\"5916\" data-permalink=\"https:\/\/eldiariodesanpedro.com.ar\/sitio\/la-embajada-de-la-alegria\/la-embajada-de-la-alegria-3\/\" data-orig-file=\"https:\/\/eldiariodesanpedro.com.ar\/sitio\/wp-content\/uploads\/2016\/07\/La-embajada-de-la-alegria-3.jpg\" data-orig-size=\"1280,719\" data-comments-opened=\"1\" data-image-meta=\"{&quot;aperture&quot;:&quot;0&quot;,&quot;credit&quot;:&quot;&quot;,&quot;camera&quot;:&quot;&quot;,&quot;caption&quot;:&quot;&quot;,&quot;created_timestamp&quot;:&quot;0&quot;,&quot;copyright&quot;:&quot;&quot;,&quot;focal_length&quot;:&quot;0&quot;,&quot;iso&quot;:&quot;0&quot;,&quot;shutter_speed&quot;:&quot;0&quot;,&quot;title&quot;:&quot;&quot;,&quot;orientation&quot;:&quot;0&quot;}\" data-image-title=\"La embajada de la alegria 3\" data-image-description=\"\" data-image-caption=\"\" data-large-file=\"https:\/\/eldiariodesanpedro.com.ar\/sitio\/wp-content\/uploads\/2016\/07\/La-embajada-de-la-alegria-3-1024x575.jpg\" data-src=\"https:\/\/eldiariodesanpedro.com.ar\/sitio\/wp-content\/uploads\/2016\/07\/La-embajada-de-la-alegria-3-300x169.jpg\" alt=\"La embajada de la alegria 3\" width=\"300\" height=\"169\" class=\"alignnone size-medium wp-image-5916 lazyload\" data-srcset=\"https:\/\/eldiariodesanpedro.com.ar\/sitio\/wp-content\/uploads\/2016\/07\/La-embajada-de-la-alegria-3-300x169.jpg 300w, https:\/\/eldiariodesanpedro.com.ar\/sitio\/wp-content\/uploads\/2016\/07\/La-embajada-de-la-alegria-3-768x431.jpg 768w, https:\/\/eldiariodesanpedro.com.ar\/sitio\/wp-content\/uploads\/2016\/07\/La-embajada-de-la-alegria-3-1024x575.jpg 1024w, https:\/\/eldiariodesanpedro.com.ar\/sitio\/wp-content\/uploads\/2016\/07\/La-embajada-de-la-alegria-3.jpg 1280w\" data-sizes=\"(max-width: 300px) 100vw, 300px\" src=\"data:image\/svg+xml;base64,PHN2ZyB3aWR0aD0iMSIgaGVpZ2h0PSIxIiB4bWxucz0iaHR0cDovL3d3dy53My5vcmcvMjAwMC9zdmciPjwvc3ZnPg==\" style=\"--smush-placeholder-width: 300px; --smush-placeholder-aspect-ratio: 300\/169;\" \/><\/a><\/p>\n","protected":false},"excerpt":{"rendered":"<p>Junto con la asuncion de Jos\u00e9 Luis Franchini como Coordinador del Centro de Referencia del Ministerio de Desarrollo Social de la Naci\u00f3n a las 11.00 en el Sal\u00f3n Dorado del municipio. Tambien llego la \u00bb Embajada de la Algeria\u00bb la cual se realiza en calle Pellegrini frente al municipio local, que realiza espect\u00e1culos circenses, globolog\u00eda [&hellip;]<\/p>\n","protected":false},"author":4,"featured_media":5913,"comment_status":"open","ping_status":"closed","sticky":false,"template":"","format":"standard","meta":{"om_disable_all_campaigns":false,"_jetpack_memberships_contains_paid_content":false,"footnotes":""},"categories":[101,2],"tags":[],"class_list":["post-5912","post","type-post","status-publish","format-standard","has-post-thumbnail","hentry","category-interes-general-locales","category-locales"],"aioseo_notices":[],"gutentor_comment":0,"jetpack_featured_media_url":"https:\/\/eldiariodesanpedro.com.ar\/sitio\/wp-content\/uploads\/2016\/07\/La-embajada-de-la-alegria-2.jpg","jetpack_shortlink":"https:\/\/wp.me\/p6RhLt-1xm","jetpack_sharing_enabled":true,"_links":{"self":[{"href":"https:\/\/eldiariodesanpedro.com.ar\/sitio\/wp-json\/wp\/v2\/posts\/5912","targetHints":{"allow":["GET"]}}],"collection":[{"href":"https:\/\/eldiariodesanpedro.com.ar\/sitio\/wp-json\/wp\/v2\/posts"}],"about":[{"href":"https:\/\/eldiariodesanpedro.com.ar\/sitio\/wp-json\/wp\/v2\/types\/post"}],"author":[{"embeddable":true,"href":"https:\/\/eldiariodesanpedro.com.ar\/sitio\/wp-json\/wp\/v2\/users\/4"}],"replies":[{"embeddable":true,"href":"https:\/\/eldiariodesanpedro.com.ar\/sitio\/wp-json\/wp\/v2\/comments?post=5912"}],"version-history":[{"count":4,"href":"https:\/\/eldiariodesanpedro.com.ar\/sitio\/wp-json\/wp\/v2\/posts\/5912\/revisions"}],"predecessor-version":[{"id":5924,"href":"https:\/\/eldiariodesanpedro.com.ar\/sitio\/wp-json\/wp\/v2\/posts\/5912\/revisions\/5924"}],"wp:featuredmedia":[{"embeddable":true,"href":"https:\/\/eldiariodesanpedro.com.ar\/sitio\/wp-json\/wp\/v2\/media\/5913"}],"wp:attachment":[{"href":"https:\/\/eldiariodesanpedro.com.ar\/sitio\/wp-json\/wp\/v2\/media?parent=5912"}],"wp:term":[{"taxonomy":"category","embeddable":true,"href":"https:\/\/eldiariodesanpedro.com.ar\/sitio\/wp-json\/wp\/v2\/categories?post=5912"},{"taxonomy":"post_tag","embeddable":true,"href":"https:\/\/eldiariodesanpedro.com.ar\/sitio\/wp-json\/wp\/v2\/tags?post=5912"}],"curies":[{"name":"wp","href":"https:\/\/api.w.org\/{rel}","templated":true}]}}