{"id":58944,"date":"2019-08-29T09:57:22","date_gmt":"2019-08-29T12:57:22","guid":{"rendered":"https:\/\/eldiariodesanpedro.com.ar\/sitio\/?p=58944"},"modified":"2019-08-29T09:57:26","modified_gmt":"2019-08-29T12:57:26","slug":"aprehendido-por-circular-con-un-arma-de-fuego","status":"publish","type":"post","link":"https:\/\/eldiariodesanpedro.com.ar\/sitio\/aprehendido-por-circular-con-un-arma-de-fuego\/","title":{"rendered":"Aprehendido por circular con un arma de fuego"},"content":{"rendered":"<!-- VideographyWP Plugin Message: Automatic video embedding prevented by plugin options. -->\n\n<p>El sujeto fue interceptado por efectivos policiales esta madrugada, tras identificarlo constatan que pose\u00eda entre sus ropas un arma de fuego cal 22 cargado con 7 municiones intactas.<\/p>\n\n\n\n<p>Tras recorrida habitual, personal policial procede a la identificaci\u00f3n de un masculino de 24 a\u00f1os de edad, encontr\u00e1ndose en intersecci\u00f3n de las calles Cruz Roja y Balcarce.<\/p>\n\n\n\n<p>Luego de su identificaci\u00f3n se procede a la aprehensi\u00f3n secuestrandole un arma de fuego cargada con sus municiones intactas.<\/p>\n\n\n\n<p>Alojado en la dependencia local imputandolo por el delito de \u00abTenencia y Portacion Ilegal de Arma de Fuego\u00bb.<\/p>\n\n\n\n<figure class=\"wp-block-image\"><img decoding=\"async\" width=\"1024\" height=\"576\" data-attachment-id=\"58948\" data-permalink=\"https:\/\/eldiariodesanpedro.com.ar\/sitio\/img-20190829-wa0002\/\" data-orig-file=\"https:\/\/eldiariodesanpedro.com.ar\/sitio\/wp-content\/uploads\/2019\/08\/IMG-20190829-WA0002.jpg\" data-orig-size=\"1032,581\" data-comments-opened=\"1\" data-image-meta=\"{&quot;aperture&quot;:&quot;0&quot;,&quot;credit&quot;:&quot;&quot;,&quot;camera&quot;:&quot;&quot;,&quot;caption&quot;:&quot;&quot;,&quot;created_timestamp&quot;:&quot;0&quot;,&quot;copyright&quot;:&quot;&quot;,&quot;focal_length&quot;:&quot;0&quot;,&quot;iso&quot;:&quot;0&quot;,&quot;shutter_speed&quot;:&quot;0&quot;,&quot;title&quot;:&quot;&quot;,&quot;orientation&quot;:&quot;0&quot;}\" data-image-title=\"IMG-20190829-WA0002\" data-image-description=\"\" data-image-caption=\"\" data-large-file=\"https:\/\/eldiariodesanpedro.com.ar\/sitio\/wp-content\/uploads\/2019\/08\/IMG-20190829-WA0002-1024x576.jpg\" data-src=\"https:\/\/eldiariodesanpedro.com.ar\/sitio\/wp-content\/uploads\/2019\/08\/IMG-20190829-WA0002-1024x576.jpg\" alt=\"\" class=\"wp-image-58948 lazyload\" data-srcset=\"https:\/\/eldiariodesanpedro.com.ar\/sitio\/wp-content\/uploads\/2019\/08\/IMG-20190829-WA0002-1024x576.jpg 1024w, https:\/\/eldiariodesanpedro.com.ar\/sitio\/wp-content\/uploads\/2019\/08\/IMG-20190829-WA0002-300x169.jpg 300w, https:\/\/eldiariodesanpedro.com.ar\/sitio\/wp-content\/uploads\/2019\/08\/IMG-20190829-WA0002-768x432.jpg 768w, https:\/\/eldiariodesanpedro.com.ar\/sitio\/wp-content\/uploads\/2019\/08\/IMG-20190829-WA0002.jpg 1032w\" data-sizes=\"(max-width: 1024px) 100vw, 1024px\" src=\"data:image\/svg+xml;base64,PHN2ZyB3aWR0aD0iMSIgaGVpZ2h0PSIxIiB4bWxucz0iaHR0cDovL3d3dy53My5vcmcvMjAwMC9zdmciPjwvc3ZnPg==\" style=\"--smush-placeholder-width: 1024px; --smush-placeholder-aspect-ratio: 1024\/576;\" \/><\/figure>\n","protected":false},"excerpt":{"rendered":"<p>El sujeto fue interceptado por efectivos policiales esta madrugada, tras identificarlo constatan que pose\u00eda entre sus ropas un arma de fuego cal 22 cargado con 7 municiones intactas. Tras recorrida habitual, personal policial procede a la identificaci\u00f3n de un masculino de 24 a\u00f1os de edad, encontr\u00e1ndose en intersecci\u00f3n de las calles Cruz Roja y Balcarce. [&hellip;]<\/p>\n","protected":false},"author":4,"featured_media":58947,"comment_status":"open","ping_status":"closed","sticky":false,"template":"","format":"standard","meta":{"om_disable_all_campaigns":false,"_jetpack_memberships_contains_paid_content":false,"footnotes":""},"categories":[2,103],"tags":[],"class_list":["post-58944","post","type-post","status-publish","format-standard","has-post-thumbnail","hentry","category-locales","category-policiales-locales"],"aioseo_notices":[],"gutentor_comment":0,"jetpack_featured_media_url":"https:\/\/eldiariodesanpedro.com.ar\/sitio\/wp-content\/uploads\/2019\/08\/IMG-20190829-WA0003.jpg","jetpack_shortlink":"https:\/\/wp.me\/p6RhLt-fkI","jetpack_sharing_enabled":true,"_links":{"self":[{"href":"https:\/\/eldiariodesanpedro.com.ar\/sitio\/wp-json\/wp\/v2\/posts\/58944","targetHints":{"allow":["GET"]}}],"collection":[{"href":"https:\/\/eldiariodesanpedro.com.ar\/sitio\/wp-json\/wp\/v2\/posts"}],"about":[{"href":"https:\/\/eldiariodesanpedro.com.ar\/sitio\/wp-json\/wp\/v2\/types\/post"}],"author":[{"embeddable":true,"href":"https:\/\/eldiariodesanpedro.com.ar\/sitio\/wp-json\/wp\/v2\/users\/4"}],"replies":[{"embeddable":true,"href":"https:\/\/eldiariodesanpedro.com.ar\/sitio\/wp-json\/wp\/v2\/comments?post=58944"}],"version-history":[{"count":1,"href":"https:\/\/eldiariodesanpedro.com.ar\/sitio\/wp-json\/wp\/v2\/posts\/58944\/revisions"}],"predecessor-version":[{"id":58951,"href":"https:\/\/eldiariodesanpedro.com.ar\/sitio\/wp-json\/wp\/v2\/posts\/58944\/revisions\/58951"}],"wp:featuredmedia":[{"embeddable":true,"href":"https:\/\/eldiariodesanpedro.com.ar\/sitio\/wp-json\/wp\/v2\/media\/58947"}],"wp:attachment":[{"href":"https:\/\/eldiariodesanpedro.com.ar\/sitio\/wp-json\/wp\/v2\/media?parent=58944"}],"wp:term":[{"taxonomy":"category","embeddable":true,"href":"https:\/\/eldiariodesanpedro.com.ar\/sitio\/wp-json\/wp\/v2\/categories?post=58944"},{"taxonomy":"post_tag","embeddable":true,"href":"https:\/\/eldiariodesanpedro.com.ar\/sitio\/wp-json\/wp\/v2\/tags?post=58944"}],"curies":[{"name":"wp","href":"https:\/\/api.w.org\/{rel}","templated":true}]}}