{"id":58940,"date":"2019-08-29T09:10:57","date_gmt":"2019-08-29T12:10:57","guid":{"rendered":"https:\/\/eldiariodesanpedro.com.ar\/sitio\/?p=58940"},"modified":"2019-08-29T09:11:02","modified_gmt":"2019-08-29T12:11:02","slug":"fue-detenido-nuevamente-un-conocido-delincuente-que-esta-en-sillas-de-ruedas","status":"publish","type":"post","link":"https:\/\/eldiariodesanpedro.com.ar\/sitio\/fue-detenido-nuevamente-un-conocido-delincuente-que-esta-en-sillas-de-ruedas\/","title":{"rendered":"Fue detenido nuevamente un conocido delincuente que esta en sillas de ruedas"},"content":{"rendered":"<!-- VideographyWP Plugin Message: Automatic video embedding prevented by plugin options. -->\n\n<p>Sucedi\u00f3 este mi\u00e9rcoles en horas del mediod\u00eda cuando el sujeto se trasladaba en su silla de ruedas por la v\u00eda publica, al ser identificado por el personal policial de comisaria local pose\u00eda entre sus ropas un arma de fuego cal.38 y droga.<\/p>\n\n\n\n<p>\u00abEs un conocido delincuente con frondosos antecedentes por diversos delitos, entre ellos se conoce mas por estar vinculado a la comercializaci\u00f3n de droga, fue uno de los detenidos, en el a\u00f1o 2017 cuando se hizo un operativo grande policial en Hermano Indio, con presencia helic\u00f3ptero tambi\u00e9n donde se desbarato una banda dedicada al narcomenudeo\u00bb, brindaba detalles del detenido el comisario Andres Galiano.<\/p>\n\n\n\n<p>La detenci\u00f3n se produjo en calle Sargento Selada entre Guemes y Balcarce, los efectivos que se encontraban en recorrido habitual proceden a la identificaci\u00f3n del delincuente mayor de edad, una vez cursado sus datos constatan que entre sus ropas llevaba un arma de fuego cal.38 cargada, y 6 envoltorios de nylon con marihuana, <\/p>\n\n\n\n<p>Alojado en la dependencia local quedo imputado por \u00abTenencia y Portaci\u00f3n Ilegal de Arma de Guerra\u00bb y por \u00abTenencia de Estupefacientes con fines de Comercializaci\u00f3n\u00bb.<\/p>\n\n\n\n<p>Interviene a Fiscal Viviana Ramos de la Fiscalia N\u00ba11.<\/p>\n\n\n\n<figure class=\"wp-block-image\"><img decoding=\"async\" width=\"640\" height=\"360\" data-attachment-id=\"58941\" data-permalink=\"https:\/\/eldiariodesanpedro.com.ar\/sitio\/fue-detenido-nuevamente-un-conocido-delincuente-que-esta-en-sillas-de-ruedas\/630b5b8c-768a-4059-931b-51f4ad9327d7\/\" data-orig-file=\"https:\/\/eldiariodesanpedro.com.ar\/sitio\/wp-content\/uploads\/2019\/08\/630b5b8c-768a-4059-931b-51f4ad9327d7.jpg\" data-orig-size=\"640,360\" data-comments-opened=\"1\" data-image-meta=\"{&quot;aperture&quot;:&quot;0&quot;,&quot;credit&quot;:&quot;&quot;,&quot;camera&quot;:&quot;&quot;,&quot;caption&quot;:&quot;&quot;,&quot;created_timestamp&quot;:&quot;0&quot;,&quot;copyright&quot;:&quot;&quot;,&quot;focal_length&quot;:&quot;0&quot;,&quot;iso&quot;:&quot;0&quot;,&quot;shutter_speed&quot;:&quot;0&quot;,&quot;title&quot;:&quot;&quot;,&quot;orientation&quot;:&quot;0&quot;}\" data-image-title=\"630b5b8c-768a-4059-931b-51f4ad9327d7\" data-image-description=\"\" data-image-caption=\"\" data-large-file=\"https:\/\/eldiariodesanpedro.com.ar\/sitio\/wp-content\/uploads\/2019\/08\/630b5b8c-768a-4059-931b-51f4ad9327d7.jpg\" data-src=\"https:\/\/eldiariodesanpedro.com.ar\/sitio\/wp-content\/uploads\/2019\/08\/630b5b8c-768a-4059-931b-51f4ad9327d7.jpg\" alt=\"\" class=\"wp-image-58941 lazyload\" data-srcset=\"https:\/\/eldiariodesanpedro.com.ar\/sitio\/wp-content\/uploads\/2019\/08\/630b5b8c-768a-4059-931b-51f4ad9327d7.jpg 640w, https:\/\/eldiariodesanpedro.com.ar\/sitio\/wp-content\/uploads\/2019\/08\/630b5b8c-768a-4059-931b-51f4ad9327d7-300x169.jpg 300w\" data-sizes=\"(max-width: 640px) 100vw, 640px\" src=\"data:image\/svg+xml;base64,PHN2ZyB3aWR0aD0iMSIgaGVpZ2h0PSIxIiB4bWxucz0iaHR0cDovL3d3dy53My5vcmcvMjAwMC9zdmciPjwvc3ZnPg==\" style=\"--smush-placeholder-width: 640px; --smush-placeholder-aspect-ratio: 640\/360;\" \/><\/figure>\n","protected":false},"excerpt":{"rendered":"<p>Sucedi\u00f3 este mi\u00e9rcoles en horas del mediod\u00eda cuando el sujeto se trasladaba en su silla de ruedas por la v\u00eda publica, al ser identificado por el personal policial de comisaria local pose\u00eda entre sus ropas un arma de fuego cal.38 y droga. \u00abEs un conocido delincuente con frondosos antecedentes por diversos delitos, entre ellos se [&hellip;]<\/p>\n","protected":false},"author":4,"featured_media":58942,"comment_status":"open","ping_status":"closed","sticky":false,"template":"","format":"standard","meta":{"om_disable_all_campaigns":false,"_jetpack_memberships_contains_paid_content":false,"footnotes":""},"categories":[50,2,103],"tags":[],"class_list":["post-58940","post","type-post","status-publish","format-standard","has-post-thumbnail","hentry","category-destacadas","category-locales","category-policiales-locales"],"aioseo_notices":[],"gutentor_comment":0,"jetpack_featured_media_url":"https:\/\/eldiariodesanpedro.com.ar\/sitio\/wp-content\/uploads\/2019\/08\/dafdcb0b-a68b-412b-b540-a2e4ea195800.jpg","jetpack_shortlink":"https:\/\/wp.me\/p6RhLt-fkE","jetpack_sharing_enabled":true,"_links":{"self":[{"href":"https:\/\/eldiariodesanpedro.com.ar\/sitio\/wp-json\/wp\/v2\/posts\/58940","targetHints":{"allow":["GET"]}}],"collection":[{"href":"https:\/\/eldiariodesanpedro.com.ar\/sitio\/wp-json\/wp\/v2\/posts"}],"about":[{"href":"https:\/\/eldiariodesanpedro.com.ar\/sitio\/wp-json\/wp\/v2\/types\/post"}],"author":[{"embeddable":true,"href":"https:\/\/eldiariodesanpedro.com.ar\/sitio\/wp-json\/wp\/v2\/users\/4"}],"replies":[{"embeddable":true,"href":"https:\/\/eldiariodesanpedro.com.ar\/sitio\/wp-json\/wp\/v2\/comments?post=58940"}],"version-history":[{"count":1,"href":"https:\/\/eldiariodesanpedro.com.ar\/sitio\/wp-json\/wp\/v2\/posts\/58940\/revisions"}],"predecessor-version":[{"id":58943,"href":"https:\/\/eldiariodesanpedro.com.ar\/sitio\/wp-json\/wp\/v2\/posts\/58940\/revisions\/58943"}],"wp:featuredmedia":[{"embeddable":true,"href":"https:\/\/eldiariodesanpedro.com.ar\/sitio\/wp-json\/wp\/v2\/media\/58942"}],"wp:attachment":[{"href":"https:\/\/eldiariodesanpedro.com.ar\/sitio\/wp-json\/wp\/v2\/media?parent=58940"}],"wp:term":[{"taxonomy":"category","embeddable":true,"href":"https:\/\/eldiariodesanpedro.com.ar\/sitio\/wp-json\/wp\/v2\/categories?post=58940"},{"taxonomy":"post_tag","embeddable":true,"href":"https:\/\/eldiariodesanpedro.com.ar\/sitio\/wp-json\/wp\/v2\/tags?post=58940"}],"curies":[{"name":"wp","href":"https:\/\/api.w.org\/{rel}","templated":true}]}}