{"id":58926,"date":"2019-08-28T18:50:51","date_gmt":"2019-08-28T21:50:51","guid":{"rendered":"https:\/\/eldiariodesanpedro.com.ar\/sitio\/?p=58926"},"modified":"2019-08-28T18:50:55","modified_gmt":"2019-08-28T21:50:55","slug":"el-acusado-de-abusar-de-su-hija-de-7-meses-se-declaro-inocente","status":"publish","type":"post","link":"https:\/\/eldiariodesanpedro.com.ar\/sitio\/el-acusado-de-abusar-de-su-hija-de-7-meses-se-declaro-inocente\/","title":{"rendered":"El acusado de abusar de su hija de 7 meses se declar\u00f3 inocente"},"content":{"rendered":"<!-- VideographyWP Plugin Message: Automatic video embedding prevented by plugin options. -->\n\n<p>Lo confirm\u00f3 la titular de la UFI 11 que instruye la causa, \u00abdeclar\u00f3 este mediod\u00eda y dijo que es inocente\u00bb.<\/p>\n\n\n\n<p>Esta ma\u00f1ana el acusado de abusar sexualmente de su hija de 7 meses en la localidad vecina de Rio Tala fue llevado a fiscalia para hacer uso de su defensa.<\/p>\n\n\n\n<p>En l\u00edneas generales la fiscal solo nos pudo contar que, \u00abse declar\u00f3 inocente y hablo de un grave conflicto entre familias\u00bb y agreg\u00f3, \u00absigue todo en materia de investigaci\u00f3n, por ahora solo puedo contar esto para no entorpecer la causa\u00bb.<\/p>\n\n\n\n<p>Luego de su declaraci\u00f3n fue trasladado a la unidad carcelaria de San Nicolas.<\/p>\n\n\n\n<p>Recordemos que la criatura fue llevada a la guardia de pediatr\u00eda por su mam\u00e1, donde qued\u00f3 al cuidado de los m\u00e9dicos quienes pudieron comprobar las lesiones del abuso, donde tambi\u00e9n fue revisada por una m\u00e9dica forense y constat\u00f3 que la denuncia de la madre tiene asidero.<\/p>\n\n\n\n<p>Posterior a eso, la denuncia hab\u00eda sido radicada el domingo 25 en la comisar\u00eda de la mujer y familia tomando intervenci\u00f3n la Fiscal Viviana Ramos quien orden\u00f3 todas las pericias correspondientes y ante los resultados, la urgente detenci\u00f3n del acusado.<\/p>\n\n\n\n<p>As\u00ed fue como este martes 27,  por la tarde el acusado fue detenido en R\u00edo Tala, donde se encontraba en la v\u00eda p\u00fablica y  trasladado a la dependencia local. En ese momento puesto a disposici\u00f3n de la Justicia, imputado por \u00ababuso sexual agravado\u00bb.<\/p>\n","protected":false},"excerpt":{"rendered":"<p>Lo confirm\u00f3 la titular de la UFI 11 que instruye la causa, \u00abdeclar\u00f3 este mediod\u00eda y dijo que es inocente\u00bb. Esta ma\u00f1ana el acusado de abusar sexualmente de su hija de 7 meses en la localidad vecina de Rio Tala fue llevado a fiscalia para hacer uso de su defensa. En l\u00edneas generales la fiscal [&hellip;]<\/p>\n","protected":false},"author":4,"featured_media":58929,"comment_status":"open","ping_status":"closed","sticky":false,"template":"","format":"standard","meta":{"om_disable_all_campaigns":false,"_jetpack_memberships_contains_paid_content":false,"footnotes":""},"categories":[50,2,103],"tags":[],"class_list":["post-58926","post","type-post","status-publish","format-standard","has-post-thumbnail","hentry","category-destacadas","category-locales","category-policiales-locales"],"aioseo_notices":[],"gutentor_comment":0,"jetpack_featured_media_url":"https:\/\/eldiariodesanpedro.com.ar\/sitio\/wp-content\/uploads\/2019\/08\/26929c0c-7702-4868-a61d-fb7632aea28a.jpg","jetpack_shortlink":"https:\/\/wp.me\/p6RhLt-fkq","jetpack_sharing_enabled":true,"_links":{"self":[{"href":"https:\/\/eldiariodesanpedro.com.ar\/sitio\/wp-json\/wp\/v2\/posts\/58926","targetHints":{"allow":["GET"]}}],"collection":[{"href":"https:\/\/eldiariodesanpedro.com.ar\/sitio\/wp-json\/wp\/v2\/posts"}],"about":[{"href":"https:\/\/eldiariodesanpedro.com.ar\/sitio\/wp-json\/wp\/v2\/types\/post"}],"author":[{"embeddable":true,"href":"https:\/\/eldiariodesanpedro.com.ar\/sitio\/wp-json\/wp\/v2\/users\/4"}],"replies":[{"embeddable":true,"href":"https:\/\/eldiariodesanpedro.com.ar\/sitio\/wp-json\/wp\/v2\/comments?post=58926"}],"version-history":[{"count":1,"href":"https:\/\/eldiariodesanpedro.com.ar\/sitio\/wp-json\/wp\/v2\/posts\/58926\/revisions"}],"predecessor-version":[{"id":58930,"href":"https:\/\/eldiariodesanpedro.com.ar\/sitio\/wp-json\/wp\/v2\/posts\/58926\/revisions\/58930"}],"wp:featuredmedia":[{"embeddable":true,"href":"https:\/\/eldiariodesanpedro.com.ar\/sitio\/wp-json\/wp\/v2\/media\/58929"}],"wp:attachment":[{"href":"https:\/\/eldiariodesanpedro.com.ar\/sitio\/wp-json\/wp\/v2\/media?parent=58926"}],"wp:term":[{"taxonomy":"category","embeddable":true,"href":"https:\/\/eldiariodesanpedro.com.ar\/sitio\/wp-json\/wp\/v2\/categories?post=58926"},{"taxonomy":"post_tag","embeddable":true,"href":"https:\/\/eldiariodesanpedro.com.ar\/sitio\/wp-json\/wp\/v2\/tags?post=58926"}],"curies":[{"name":"wp","href":"https:\/\/api.w.org\/{rel}","templated":true}]}}