{"id":58917,"date":"2019-08-28T18:06:25","date_gmt":"2019-08-28T21:06:25","guid":{"rendered":"https:\/\/eldiariodesanpedro.com.ar\/sitio\/?p=58917"},"modified":"2019-08-28T18:06:30","modified_gmt":"2019-08-28T21:06:30","slug":"dos-jovenes-sufrieron-lesiones-al-ser-volteadas-por-motochorros-en-intento-de-robo","status":"publish","type":"post","link":"https:\/\/eldiariodesanpedro.com.ar\/sitio\/dos-jovenes-sufrieron-lesiones-al-ser-volteadas-por-motochorros-en-intento-de-robo\/","title":{"rendered":"Dos j\u00f3venes sufrieron lesiones al ser volteadas por motochorros en intento de robo"},"content":{"rendered":"<!-- VideographyWP Plugin Message: Automatic video embedding prevented by plugin options. -->\n\n<p>Ocurri\u00f3 esta tarde de mi\u00e9rcoles alrededor de las 17:30 hs en la esquina de la Av. 11 de Septiembre y Casella donde dos j\u00f3venes resultaron heridas en un intento de robo.<\/p>\n\n\n\n<p>Las dos j\u00f3venes de alrededor de 16 a\u00f1os de edad que circulaban en una motocicleta tipo 110 cc y la acompa\u00f1ante utilizaba el celular mientras la moto transitaba por la avenida fueron atacados por dos motochorros quien al intentar manotear el aparato voltean a las dos menores arrastrandolas por el asfalto varios metros sin poder lograr su cometido.<\/p>\n\n\n\n<p>Lo incre\u00edble del hecho que tras la huida de los delincuentes, testigos aseguran que a pesar de las lesiones recibidas una de las j\u00f3venes se levanto y corri\u00f3 a esconder la motocicleta antes de la llegada de los inspectores de tr\u00e1nsito y la polic\u00eda. Lo que ocurre reiteradamente en varias oportunidades en nuestra ciudad que por miedo al secuestro de las misma las hacen desaparecer.<\/p>\n\n\n\n<p>Al momento del arribo de la ambulancia del SAME ya se encontraban ambas j\u00f3venes quienes presentaban escoriaciones en piernas, brazos y rostro. <\/p>\n\n\n\n<figure class=\"wp-block-image\"><img decoding=\"async\" width=\"1024\" height=\"485\" data-attachment-id=\"58924\" data-permalink=\"https:\/\/eldiariodesanpedro.com.ar\/sitio\/20190828_172425\/\" data-orig-file=\"https:\/\/eldiariodesanpedro.com.ar\/sitio\/wp-content\/uploads\/2019\/08\/20190828_172425.jpg\" data-orig-size=\"4032,1908\" data-comments-opened=\"1\" data-image-meta=\"{&quot;aperture&quot;:&quot;2.4&quot;,&quot;credit&quot;:&quot;&quot;,&quot;camera&quot;:&quot;SM-G975F&quot;,&quot;caption&quot;:&quot;&quot;,&quot;created_timestamp&quot;:&quot;1567013065&quot;,&quot;copyright&quot;:&quot;&quot;,&quot;focal_length&quot;:&quot;4.32&quot;,&quot;iso&quot;:&quot;50&quot;,&quot;shutter_speed&quot;:&quot;0.0093457943925234&quot;,&quot;title&quot;:&quot;&quot;,&quot;orientation&quot;:&quot;1&quot;}\" data-image-title=\"20190828_172425\" data-image-description=\"\" data-image-caption=\"\" data-large-file=\"https:\/\/eldiariodesanpedro.com.ar\/sitio\/wp-content\/uploads\/2019\/08\/20190828_172425-1024x485.jpg\" data-src=\"https:\/\/eldiariodesanpedro.com.ar\/sitio\/wp-content\/uploads\/2019\/08\/20190828_172425-1024x485.jpg\" alt=\"\" class=\"wp-image-58924 lazyload\" data-srcset=\"https:\/\/eldiariodesanpedro.com.ar\/sitio\/wp-content\/uploads\/2019\/08\/20190828_172425-1024x485.jpg 1024w, https:\/\/eldiariodesanpedro.com.ar\/sitio\/wp-content\/uploads\/2019\/08\/20190828_172425-300x142.jpg 300w, https:\/\/eldiariodesanpedro.com.ar\/sitio\/wp-content\/uploads\/2019\/08\/20190828_172425-768x363.jpg 768w\" data-sizes=\"(max-width: 1024px) 100vw, 1024px\" src=\"data:image\/svg+xml;base64,PHN2ZyB3aWR0aD0iMSIgaGVpZ2h0PSIxIiB4bWxucz0iaHR0cDovL3d3dy53My5vcmcvMjAwMC9zdmciPjwvc3ZnPg==\" style=\"--smush-placeholder-width: 1024px; --smush-placeholder-aspect-ratio: 1024\/485;\" \/><\/figure>\n","protected":false},"excerpt":{"rendered":"<p>Ocurri\u00f3 esta tarde de mi\u00e9rcoles alrededor de las 17:30 hs en la esquina de la Av. 11 de Septiembre y Casella donde dos j\u00f3venes resultaron heridas en un intento de robo. Las dos j\u00f3venes de alrededor de 16 a\u00f1os de edad que circulaban en una motocicleta tipo 110 cc y la acompa\u00f1ante utilizaba el celular [&hellip;]<\/p>\n","protected":false},"author":4,"featured_media":58923,"comment_status":"open","ping_status":"closed","sticky":false,"template":"","format":"standard","meta":{"om_disable_all_campaigns":false,"_jetpack_memberships_contains_paid_content":false,"footnotes":""},"categories":[2,103],"tags":[],"class_list":["post-58917","post","type-post","status-publish","format-standard","has-post-thumbnail","hentry","category-locales","category-policiales-locales"],"aioseo_notices":[],"gutentor_comment":0,"jetpack_featured_media_url":"https:\/\/eldiariodesanpedro.com.ar\/sitio\/wp-content\/uploads\/2019\/08\/20190828_172518-e1567026117807.jpg","jetpack_shortlink":"https:\/\/wp.me\/p6RhLt-fkh","jetpack_sharing_enabled":true,"_links":{"self":[{"href":"https:\/\/eldiariodesanpedro.com.ar\/sitio\/wp-json\/wp\/v2\/posts\/58917","targetHints":{"allow":["GET"]}}],"collection":[{"href":"https:\/\/eldiariodesanpedro.com.ar\/sitio\/wp-json\/wp\/v2\/posts"}],"about":[{"href":"https:\/\/eldiariodesanpedro.com.ar\/sitio\/wp-json\/wp\/v2\/types\/post"}],"author":[{"embeddable":true,"href":"https:\/\/eldiariodesanpedro.com.ar\/sitio\/wp-json\/wp\/v2\/users\/4"}],"replies":[{"embeddable":true,"href":"https:\/\/eldiariodesanpedro.com.ar\/sitio\/wp-json\/wp\/v2\/comments?post=58917"}],"version-history":[{"count":1,"href":"https:\/\/eldiariodesanpedro.com.ar\/sitio\/wp-json\/wp\/v2\/posts\/58917\/revisions"}],"predecessor-version":[{"id":58925,"href":"https:\/\/eldiariodesanpedro.com.ar\/sitio\/wp-json\/wp\/v2\/posts\/58917\/revisions\/58925"}],"wp:featuredmedia":[{"embeddable":true,"href":"https:\/\/eldiariodesanpedro.com.ar\/sitio\/wp-json\/wp\/v2\/media\/58923"}],"wp:attachment":[{"href":"https:\/\/eldiariodesanpedro.com.ar\/sitio\/wp-json\/wp\/v2\/media?parent=58917"}],"wp:term":[{"taxonomy":"category","embeddable":true,"href":"https:\/\/eldiariodesanpedro.com.ar\/sitio\/wp-json\/wp\/v2\/categories?post=58917"},{"taxonomy":"post_tag","embeddable":true,"href":"https:\/\/eldiariodesanpedro.com.ar\/sitio\/wp-json\/wp\/v2\/tags?post=58917"}],"curies":[{"name":"wp","href":"https:\/\/api.w.org\/{rel}","templated":true}]}}