{"id":58914,"date":"2019-08-28T11:30:44","date_gmt":"2019-08-28T14:30:44","guid":{"rendered":"https:\/\/eldiariodesanpedro.com.ar\/sitio\/?p=58914"},"modified":"2019-08-28T11:30:48","modified_gmt":"2019-08-28T14:30:48","slug":"baradero-mariela-abuela-de-bianca-morel-todo-va-normal-todo-evoluciona-favorablemente","status":"publish","type":"post","link":"https:\/\/eldiariodesanpedro.com.ar\/sitio\/baradero-mariela-abuela-de-bianca-morel-todo-va-normal-todo-evoluciona-favorablemente\/","title":{"rendered":"BARADERO | Mariela, abuela de Bianca Morel: \u201cTodo va normal, todo evoluciona favorablemente\u201d"},"content":{"rendered":"<!-- VideographyWP Plugin Message: Automatic video embedding prevented by plugin options. -->\n\n<p>La salud de Bianca Morel, la nena que est\u00e1 internada en el Hospital de Ni\u00f1os de La Plata sigue causando inter\u00e9s en la comunidad luego de sufrir la fractura de parte de su cr\u00e1neo por la explosi\u00f3n de una garrafa el \u00faltimo fin de semana en R\u00edo Tala. La abuela, Mariela, habl\u00f3 en la ma\u00f1ana de LS2 RADIO 96.9 contando que ya al d\u00eda de hoy martes, la evoluci\u00f3n de la beba es favorable.<\/p>\n\n\n\n<p>Con relaci\u00f3n a la salud y c\u00f3mo avanza Bianca, la abuela manifest\u00f3:<em>&nbsp;\u201cDesde ya gradecer a los que se preocupan, y contarles que Bianca pas\u00f3 una noche clinicamente evolucinando muy bien, ayer hay uno de los los que no los abre porque tiene mucha inflamaci\u00f3n, les cuento que ya anoche abri\u00f3 uno de ellos, ya mira los dibus, se r\u00ede, conversa con nosotros, la pudimos ba\u00f1ar, toda una evoluci\u00f3n, un paso gigante, ayer pudo tomar el pecho por primera vez, lo toler\u00f3 muy bien, pudo desayunar, por ahora va todo normal, todo evoluciona favorablemente\u201d<\/em><\/p>\n\n\n\n<p>En cuanto al informe de los m\u00e9dicos, cont\u00f3:\u00a0<em>\u201cLas fracturas de Bianca no son grandes, son peque\u00f1as, que se ir\u00e1n soldando solitas, que no necesita ning\u00fan tipo de cirug\u00eda nos dijo la neurocirujana que la est\u00e1 atendiendo\u201d<\/em><\/p>\n\n\n\n<p>Fuente: Baradero Hoy<\/p>\n","protected":false},"excerpt":{"rendered":"<p>La salud de Bianca Morel, la nena que est\u00e1 internada en el Hospital de Ni\u00f1os de La Plata sigue causando inter\u00e9s en la comunidad luego de sufrir la fractura de parte de su cr\u00e1neo por la explosi\u00f3n de una garrafa el \u00faltimo fin de semana en R\u00edo Tala. La abuela, Mariela, habl\u00f3 en la ma\u00f1ana [&hellip;]<\/p>\n","protected":false},"author":4,"featured_media":58915,"comment_status":"open","ping_status":"closed","sticky":false,"template":"","format":"standard","meta":{"om_disable_all_campaigns":false,"_jetpack_memberships_contains_paid_content":false,"footnotes":""},"categories":[621],"tags":[],"class_list":["post-58914","post","type-post","status-publish","format-standard","has-post-thumbnail","hentry","category-regionales"],"aioseo_notices":[],"gutentor_comment":0,"jetpack_featured_media_url":"https:\/\/eldiariodesanpedro.com.ar\/sitio\/wp-content\/uploads\/2019\/08\/44098778_1076254035894065_7613728030728388608_n.jpg","jetpack_shortlink":"https:\/\/wp.me\/p6RhLt-fke","jetpack_sharing_enabled":true,"_links":{"self":[{"href":"https:\/\/eldiariodesanpedro.com.ar\/sitio\/wp-json\/wp\/v2\/posts\/58914","targetHints":{"allow":["GET"]}}],"collection":[{"href":"https:\/\/eldiariodesanpedro.com.ar\/sitio\/wp-json\/wp\/v2\/posts"}],"about":[{"href":"https:\/\/eldiariodesanpedro.com.ar\/sitio\/wp-json\/wp\/v2\/types\/post"}],"author":[{"embeddable":true,"href":"https:\/\/eldiariodesanpedro.com.ar\/sitio\/wp-json\/wp\/v2\/users\/4"}],"replies":[{"embeddable":true,"href":"https:\/\/eldiariodesanpedro.com.ar\/sitio\/wp-json\/wp\/v2\/comments?post=58914"}],"version-history":[{"count":1,"href":"https:\/\/eldiariodesanpedro.com.ar\/sitio\/wp-json\/wp\/v2\/posts\/58914\/revisions"}],"predecessor-version":[{"id":58916,"href":"https:\/\/eldiariodesanpedro.com.ar\/sitio\/wp-json\/wp\/v2\/posts\/58914\/revisions\/58916"}],"wp:featuredmedia":[{"embeddable":true,"href":"https:\/\/eldiariodesanpedro.com.ar\/sitio\/wp-json\/wp\/v2\/media\/58915"}],"wp:attachment":[{"href":"https:\/\/eldiariodesanpedro.com.ar\/sitio\/wp-json\/wp\/v2\/media?parent=58914"}],"wp:term":[{"taxonomy":"category","embeddable":true,"href":"https:\/\/eldiariodesanpedro.com.ar\/sitio\/wp-json\/wp\/v2\/categories?post=58914"},{"taxonomy":"post_tag","embeddable":true,"href":"https:\/\/eldiariodesanpedro.com.ar\/sitio\/wp-json\/wp\/v2\/tags?post=58914"}],"curies":[{"name":"wp","href":"https:\/\/api.w.org\/{rel}","templated":true}]}}