{"id":58907,"date":"2019-08-28T11:59:48","date_gmt":"2019-08-28T14:59:48","guid":{"rendered":"https:\/\/eldiariodesanpedro.com.ar\/sitio\/?p=58907"},"modified":"2019-08-28T11:59:52","modified_gmt":"2019-08-28T14:59:52","slug":"ramos-la-beba-fue-abusada-reiteradas-veces","status":"publish","type":"post","link":"https:\/\/eldiariodesanpedro.com.ar\/sitio\/ramos-la-beba-fue-abusada-reiteradas-veces\/","title":{"rendered":"Ramos: \u00abLa beba fue abusada reiteradas veces\u00bb"},"content":{"rendered":"<!-- VideographyWP Plugin Message: Automatic video embedding prevented by plugin options. -->\n\n<p>La titular de la Fiscalia 11 hablo sobre la detenci\u00f3n del padre de la beba y como sigue  la investigaci\u00f3n.<\/p>\n\n\n\n<p>Viviana Ramos quien investiga la causa por el abuso sexual a una beba de 7 meses de la localidad de Rio Tala, brindo detalles a los medios de comunicacion de como se esta actuando hasta el momento y los detalles de la detenci\u00f3n del padre de la menor:<\/p>\n\n\n\n<p>\u00bb La beba ten\u00eda lesiones constatadas y esta sospecha sobre el padre tiene que ver con que desde el primer momento la mam\u00e1 pone en conocimiento de que este se\u00f1or tendr\u00eda otras denuncias de hechos similares , por eso se pide la inmediata detenci\u00f3n otorgada por el Juez de Garant\u00edas, Dr. Pratti\u00bb <\/p>\n\n\n\n<p>Con respecto al antecedente del imputado expreso, \u00bb fue formulada en el mes de marzo, una causa que se tramita en la fiscalia N\u00ba5 a cargo del Dr Manso, surge un primer dato que este se\u00f1or que estaba al cuidado de dos nenas que eran hijas de su prima donde hubo una situaci\u00f3n que la nena se\u00f1al\u00f3 y la madre hizo la denuncia\u00bb.<\/p>\n\n\n\n<p> \u00abLa joven radico la denuncia el domingo, estamos hablando de una pareja de papas separados, donde tienen una relaci\u00f3n muy conflictiva, donde la beba iba y venia con un r\u00e9gimen de visita, los fines de semana se quedaba con el papa y cuando la retir\u00f3 la madre toma conocimiento de la evidencia con la que nosotros estamos sosteniendo esta imputaci\u00f3n, ademas la pericia m\u00e9dica fue contundente al indicar que  no es un episodio \u00fanico sino que el informe nos refiere una situaci\u00f3n reiterada\u00bb.  <\/p>\n\n\n\n<p>Este mi\u00e9rcoles sera indagado el imputado en fiscalia donde podr\u00e1 oponerse o no como defensa por la causa de \u00ababuso sexual agravado\u00bb a su hija de 7 meses.<br><\/p>\n","protected":false},"excerpt":{"rendered":"<p>La titular de la Fiscalia 11 hablo sobre la detenci\u00f3n del padre de la beba y como sigue la investigaci\u00f3n. Viviana Ramos quien investiga la causa por el abuso sexual a una beba de 7 meses de la localidad de Rio Tala, brindo detalles a los medios de comunicacion de como se esta actuando hasta [&hellip;]<\/p>\n","protected":false},"author":4,"featured_media":58918,"comment_status":"open","ping_status":"closed","sticky":false,"template":"","format":"standard","meta":{"om_disable_all_campaigns":false,"_jetpack_memberships_contains_paid_content":false,"footnotes":""},"categories":[2,103],"tags":[],"class_list":["post-58907","post","type-post","status-publish","format-standard","has-post-thumbnail","hentry","category-locales","category-policiales-locales"],"aioseo_notices":[],"gutentor_comment":1,"jetpack_featured_media_url":"https:\/\/eldiariodesanpedro.com.ar\/sitio\/wp-content\/uploads\/2019\/08\/Fiscla-Ramos.jpg","jetpack_shortlink":"https:\/\/wp.me\/p6RhLt-fk7","jetpack_sharing_enabled":true,"_links":{"self":[{"href":"https:\/\/eldiariodesanpedro.com.ar\/sitio\/wp-json\/wp\/v2\/posts\/58907","targetHints":{"allow":["GET"]}}],"collection":[{"href":"https:\/\/eldiariodesanpedro.com.ar\/sitio\/wp-json\/wp\/v2\/posts"}],"about":[{"href":"https:\/\/eldiariodesanpedro.com.ar\/sitio\/wp-json\/wp\/v2\/types\/post"}],"author":[{"embeddable":true,"href":"https:\/\/eldiariodesanpedro.com.ar\/sitio\/wp-json\/wp\/v2\/users\/4"}],"replies":[{"embeddable":true,"href":"https:\/\/eldiariodesanpedro.com.ar\/sitio\/wp-json\/wp\/v2\/comments?post=58907"}],"version-history":[{"count":1,"href":"https:\/\/eldiariodesanpedro.com.ar\/sitio\/wp-json\/wp\/v2\/posts\/58907\/revisions"}],"predecessor-version":[{"id":58919,"href":"https:\/\/eldiariodesanpedro.com.ar\/sitio\/wp-json\/wp\/v2\/posts\/58907\/revisions\/58919"}],"wp:featuredmedia":[{"embeddable":true,"href":"https:\/\/eldiariodesanpedro.com.ar\/sitio\/wp-json\/wp\/v2\/media\/58918"}],"wp:attachment":[{"href":"https:\/\/eldiariodesanpedro.com.ar\/sitio\/wp-json\/wp\/v2\/media?parent=58907"}],"wp:term":[{"taxonomy":"category","embeddable":true,"href":"https:\/\/eldiariodesanpedro.com.ar\/sitio\/wp-json\/wp\/v2\/categories?post=58907"},{"taxonomy":"post_tag","embeddable":true,"href":"https:\/\/eldiariodesanpedro.com.ar\/sitio\/wp-json\/wp\/v2\/tags?post=58907"}],"curies":[{"name":"wp","href":"https:\/\/api.w.org\/{rel}","templated":true}]}}