{"id":58900,"date":"2019-08-28T10:35:22","date_gmt":"2019-08-28T13:35:22","guid":{"rendered":"https:\/\/eldiariodesanpedro.com.ar\/sitio\/?p=58900"},"modified":"2019-08-28T10:35:26","modified_gmt":"2019-08-28T13:35:26","slug":"salto-por-bajas-ventas-y-aumento-del-precio-en-la-harina-la-empresa-licencio-a-1-300-operarios","status":"publish","type":"post","link":"https:\/\/eldiariodesanpedro.com.ar\/sitio\/salto-por-bajas-ventas-y-aumento-del-precio-en-la-harina-la-empresa-licencio-a-1-300-operarios\/","title":{"rendered":"SALTO | Por bajas ventas y aumento del precio en la harina, la empresa licenci\u00f3 a 1.300 operarios"},"content":{"rendered":"<!-- VideographyWP Plugin Message: Automatic video embedding prevented by plugin options. -->\n\n<p>En las \u00faltimas horas Arcor dispuso vacaciones obligatorias para m\u00e1s de 1300 operarios de la planta de Bagley en Salto, muchos de ellos arrecife\u00f1os.&nbsp;<\/p>\n\n\n\n<p>La noticia hab\u00eda comenzado a circular el martes por la tarde. Poco era lo que se sab\u00eda al respecto, hasta que alrededor de las 23:30 hs. Silvina Scacheri, Secretaria General del Sindicato de la Alimentaci\u00f3n lo confirm\u00f3.<\/p>\n\n\n\n<p>\u00abHoy toc\u00f3 anunciar en asamblea&nbsp; que la f\u00e1brica anticipa vacaciones adelantadas a m\u00e1s de 1300 personas\u00bb, dijo Scacheri, aduciendo que \u00abcay\u00f3 el consumo, aument\u00f3 la harina y subi\u00f3 el d\u00f3lar\u00bb<\/p>\n\n\n\n<p>En ese sentido, la Secretaria Gremial explic\u00f3 que \u00abla materia prima de otros pa\u00edses se fue a las nubes\u00bb y narr\u00f3 que con un poco de sabor a amargo, sabor a bronca e incertidumbre toc\u00f3 escuchar los reclamos, las quejas, los desencantos, los arrepentidos, los preocupados y los afligidos.<\/p>\n\n\n\n<p>\u00abMiles de compa\u00f1eros la est\u00e1n pasando de lo peor. Sin trabajo, sin qu\u00e9 darle de comer a sus hijos, sin plata para el alquiler. Otros, en tanto, est\u00e1n solos, otros mendigando. Yo no me conformo con que mi mal es el mal menor, no. Somos trabajadores y eso es lo que sabemos hacer: trabajar. El trabajo dignifica, pero para sentirse digno hay que tener trabajo\u00bb, concluy\u00f3 Silvina Scacheri.&nbsp;<\/p>\n\n\n\n<p>Fuente: Salto Hoy<\/p>\n","protected":false},"excerpt":{"rendered":"<p>En las \u00faltimas horas Arcor dispuso vacaciones obligatorias para m\u00e1s de 1300 operarios de la planta de Bagley en Salto, muchos de ellos arrecife\u00f1os.&nbsp; La noticia hab\u00eda comenzado a circular el martes por la tarde. Poco era lo que se sab\u00eda al respecto, hasta que alrededor de las 23:30 hs. Silvina Scacheri, Secretaria General del [&hellip;]<\/p>\n","protected":false},"author":4,"featured_media":58902,"comment_status":"open","ping_status":"closed","sticky":false,"template":"","format":"standard","meta":{"om_disable_all_campaigns":false,"_jetpack_memberships_contains_paid_content":false,"footnotes":""},"categories":[621],"tags":[],"class_list":["post-58900","post","type-post","status-publish","format-standard","has-post-thumbnail","hentry","category-regionales"],"aioseo_notices":[],"gutentor_comment":0,"jetpack_featured_media_url":"https:\/\/eldiariodesanpedro.com.ar\/sitio\/wp-content\/uploads\/2019\/08\/Bagley-Salto-734x510.jpg","jetpack_shortlink":"https:\/\/wp.me\/p6RhLt-fk0","jetpack_sharing_enabled":true,"_links":{"self":[{"href":"https:\/\/eldiariodesanpedro.com.ar\/sitio\/wp-json\/wp\/v2\/posts\/58900","targetHints":{"allow":["GET"]}}],"collection":[{"href":"https:\/\/eldiariodesanpedro.com.ar\/sitio\/wp-json\/wp\/v2\/posts"}],"about":[{"href":"https:\/\/eldiariodesanpedro.com.ar\/sitio\/wp-json\/wp\/v2\/types\/post"}],"author":[{"embeddable":true,"href":"https:\/\/eldiariodesanpedro.com.ar\/sitio\/wp-json\/wp\/v2\/users\/4"}],"replies":[{"embeddable":true,"href":"https:\/\/eldiariodesanpedro.com.ar\/sitio\/wp-json\/wp\/v2\/comments?post=58900"}],"version-history":[{"count":1,"href":"https:\/\/eldiariodesanpedro.com.ar\/sitio\/wp-json\/wp\/v2\/posts\/58900\/revisions"}],"predecessor-version":[{"id":58906,"href":"https:\/\/eldiariodesanpedro.com.ar\/sitio\/wp-json\/wp\/v2\/posts\/58900\/revisions\/58906"}],"wp:featuredmedia":[{"embeddable":true,"href":"https:\/\/eldiariodesanpedro.com.ar\/sitio\/wp-json\/wp\/v2\/media\/58902"}],"wp:attachment":[{"href":"https:\/\/eldiariodesanpedro.com.ar\/sitio\/wp-json\/wp\/v2\/media?parent=58900"}],"wp:term":[{"taxonomy":"category","embeddable":true,"href":"https:\/\/eldiariodesanpedro.com.ar\/sitio\/wp-json\/wp\/v2\/categories?post=58900"},{"taxonomy":"post_tag","embeddable":true,"href":"https:\/\/eldiariodesanpedro.com.ar\/sitio\/wp-json\/wp\/v2\/tags?post=58900"}],"curies":[{"name":"wp","href":"https:\/\/api.w.org\/{rel}","templated":true}]}}