{"id":58897,"date":"2019-08-28T10:26:30","date_gmt":"2019-08-28T13:26:30","guid":{"rendered":"https:\/\/eldiariodesanpedro.com.ar\/sitio\/?p=58897"},"modified":"2019-08-28T10:26:34","modified_gmt":"2019-08-28T13:26:34","slug":"san-nicolas-encuentran-bicicletas-de-alta-gama-robadas-en-un-allanamiento","status":"publish","type":"post","link":"https:\/\/eldiariodesanpedro.com.ar\/sitio\/san-nicolas-encuentran-bicicletas-de-alta-gama-robadas-en-un-allanamiento\/","title":{"rendered":"SAN NICOL\u00c1S | Encuentran bicicletas de alta gama robadas en un allanamiento"},"content":{"rendered":"<!-- VideographyWP Plugin Message: Automatic video embedding prevented by plugin options. -->\n\n<p>La diligencia fue llevada adelante por personal de la Comisar\u00eda Segunda en el marco de una investigaci\u00f3n por el delito de Hurto, con intervenci\u00f3n de la Fiscal\u00eda N\u00b0 3.<\/p>\n\n\n\n<p>El domicilio allanado se encuentra en calle Gin\u00e9s Garc\u00eda 239 de barrio San Francisco. En el lugar se encontraron tres bicicletas: una marca Vairo modelo 3.5, otra Giant y la \u00faltima marca Fire Biro modelo Barcelona.<\/p>\n\n\n\n<p>Adem\u00e1s, se procedi\u00f3 al secuestro de 4 gramos de marihuana, y otros elementos de valor. Fue aprehendida una mujer de 24 a\u00f1os.<\/p>\n\n\n\n<p>La fiscal\u00eda contin\u00faa con la investigaci\u00f3n a los fines de determinar la procedencia de lo secuestrado. <\/p>\n\n\n\n<p>Fuente: Diario El Informante<\/p>\n","protected":false},"excerpt":{"rendered":"<p>La diligencia fue llevada adelante por personal de la Comisar\u00eda Segunda en el marco de una investigaci\u00f3n por el delito de Hurto, con intervenci\u00f3n de la Fiscal\u00eda N\u00b0 3. El domicilio allanado se encuentra en calle Gin\u00e9s Garc\u00eda 239 de barrio San Francisco. En el lugar se encontraron tres bicicletas: una marca Vairo modelo 3.5, [&hellip;]<\/p>\n","protected":false},"author":4,"featured_media":58898,"comment_status":"open","ping_status":"closed","sticky":false,"template":"","format":"standard","meta":{"om_disable_all_campaigns":false,"_jetpack_memberships_contains_paid_content":false,"footnotes":""},"categories":[621],"tags":[],"class_list":["post-58897","post","type-post","status-publish","format-standard","has-post-thumbnail","hentry","category-regionales"],"aioseo_notices":[],"gutentor_comment":0,"jetpack_featured_media_url":"https:\/\/eldiariodesanpedro.com.ar\/sitio\/wp-content\/uploads\/2019\/08\/no_4njndghgiz9999cbici.jpg","jetpack_shortlink":"https:\/\/wp.me\/p6RhLt-fjX","jetpack_sharing_enabled":true,"_links":{"self":[{"href":"https:\/\/eldiariodesanpedro.com.ar\/sitio\/wp-json\/wp\/v2\/posts\/58897","targetHints":{"allow":["GET"]}}],"collection":[{"href":"https:\/\/eldiariodesanpedro.com.ar\/sitio\/wp-json\/wp\/v2\/posts"}],"about":[{"href":"https:\/\/eldiariodesanpedro.com.ar\/sitio\/wp-json\/wp\/v2\/types\/post"}],"author":[{"embeddable":true,"href":"https:\/\/eldiariodesanpedro.com.ar\/sitio\/wp-json\/wp\/v2\/users\/4"}],"replies":[{"embeddable":true,"href":"https:\/\/eldiariodesanpedro.com.ar\/sitio\/wp-json\/wp\/v2\/comments?post=58897"}],"version-history":[{"count":1,"href":"https:\/\/eldiariodesanpedro.com.ar\/sitio\/wp-json\/wp\/v2\/posts\/58897\/revisions"}],"predecessor-version":[{"id":58899,"href":"https:\/\/eldiariodesanpedro.com.ar\/sitio\/wp-json\/wp\/v2\/posts\/58897\/revisions\/58899"}],"wp:featuredmedia":[{"embeddable":true,"href":"https:\/\/eldiariodesanpedro.com.ar\/sitio\/wp-json\/wp\/v2\/media\/58898"}],"wp:attachment":[{"href":"https:\/\/eldiariodesanpedro.com.ar\/sitio\/wp-json\/wp\/v2\/media?parent=58897"}],"wp:term":[{"taxonomy":"category","embeddable":true,"href":"https:\/\/eldiariodesanpedro.com.ar\/sitio\/wp-json\/wp\/v2\/categories?post=58897"},{"taxonomy":"post_tag","embeddable":true,"href":"https:\/\/eldiariodesanpedro.com.ar\/sitio\/wp-json\/wp\/v2\/tags?post=58897"}],"curies":[{"name":"wp","href":"https:\/\/api.w.org\/{rel}","templated":true}]}}