{"id":58892,"date":"2019-08-28T10:25:02","date_gmt":"2019-08-28T13:25:02","guid":{"rendered":"https:\/\/eldiariodesanpedro.com.ar\/sitio\/?p=58892"},"modified":"2019-08-28T10:25:06","modified_gmt":"2019-08-28T13:25:06","slug":"san-nicolas-le-entraron-a-robar-haciendo-boquetes-en-la-pared-tres-veces-en-los-ultimos-dos-meses","status":"publish","type":"post","link":"https:\/\/eldiariodesanpedro.com.ar\/sitio\/san-nicolas-le-entraron-a-robar-haciendo-boquetes-en-la-pared-tres-veces-en-los-ultimos-dos-meses\/","title":{"rendered":"SAN NICOL\u00c1S | Le entraron a robar, haciendo boquetes en la pared, tres veces en los \u00faltimos dos meses"},"content":{"rendered":"<!-- VideographyWP Plugin Message: Automatic video embedding prevented by plugin options. -->\n\n<p>Ya casi no es una sorpresa, pero no deja de generar angustia, y es que otra vez, la tercera en los \u00faltimos dos meses, dejando un enorme agujero en la pared, sujetos desconocidos volvieron a entrar en la propiedad de calle Tierra del Fuego, a la que ya ven totalmente indefensa, y robaron lo que encontraron. Los due\u00f1os, sabiendo que la casa se encuentra expuesta, puesto que est\u00e1 en un zona de quintas y la vivienda m\u00e1s cercana se halla a unos cien metros, la llenaron de rejas, alarmas y puertas de seguridad, pero ni eso pudo detener a la delincuencia, que de alguna u otra forma encuentra el modo para entrar. <br>\n\u201cEn dos meses le hicieron tres boquetes a la casa para entrar a robar. En el \u00faltimo robo nos llevaron un televisor, 40 metros de cable, herramientas, bater\u00edas, linternas. La vez anterior hab\u00edan robado todas las c\u00e1maras de seguridad. La casa es de mi suegro que es jubilado. Esto te golpea porque no se puede creer el nivel de atrevimiento y violencia que hay\u201d, cont\u00f3 a nuestro medio Andr\u00e9s, yerno del propietario de 65 a\u00f1os que ya no sabe que hacer para evitar que le roben. <\/p>\n\n\n\n<p>Boquetes <br>\nEl trabajo que se toman los delincuentes para entrar es enorme pero cuentan con el tiempo y la soledad para hacerlo y lamentablemente la vivienda queda sumamente expuesta a estos hechos delictivos \u201cEs un campo que est\u00e1 al lado de barrio IVBA, mi suegro tiene ah\u00ed un galponcito y una casita sencilla que arregl\u00f3 m\u00e1s o menos para que se pueda habitar y \u00e9l se queda a veces a dormir. Siempre se robaban cosas de afuera, herramientas, romp\u00edan los vidrios. Antes de que pongamos las rejas hab\u00edan reventado una puerta y se llevaban cosas. Despu\u00e9s le pusimos un enrejado importante, puertas de seguridad y c\u00e1maras para que nos dejen de robar, pero de un tiempo a ahora empezaron con eso de hacer boquetes. Se ve que se les hace m\u00e1s f\u00e1cil agarrar una masa y romper las paredes. Ya hab\u00edamos visto que hab\u00edan cortado cuatro fierros de una ventana y no hab\u00edan podido entrar. La verdad es que est\u00e1n muy preparados y nadie hace nada lamentablemente. Estamos muy expuestos, parece mentira que no se pueda tener nada\u201d, relat\u00f3 con visible angustia a nuestro medio. <\/p>\n\n\n\n<p>Menores <br> Andr\u00e9s cont\u00f3 que la polic\u00eda fue todas la veces que se los requiri\u00f3, pero sin resultados positivos \u201cLa polic\u00eda vino y nos explic\u00f3 que en barrio Avamba\u2019e hay como una especie de villa de cinco a seis casitas y que de ah\u00ed salen a robar. Nosotros fuimos por ese lugar caminando, con linternas y encontramos el cable, algunas de las bater\u00edas que nos robaron. Se ve que son ellos los que se metieron. En la polic\u00eda nos explican que como son todos menores se hace dif\u00edcil allanar, revisar la casa y ver que se encuentra. Esto nos da mucha impotencia. No podemos dejar nada porque no sabemos cu\u00e1ndo nos vuelven a robar\u201d, agreg\u00f3. Reparaci\u00f3n Adem\u00e1s de la perdida material, las victimas debieron reparar r\u00e1pidamente el da\u00f1o porque la casa quedaba m\u00e1s expuesta a\u00fan, lo que gener\u00f3 m\u00e1s problemas \u201cEl robo fue como a las tres de la ma\u00f1ana, fueron mi suegro y mi cu\u00f1ado a la casa, no hab\u00eda luz as\u00ed que se quedaron ah\u00ed hasta las 8 tratando de conectar la luz y reci\u00e9n a la tarde pudieron tapar los boquetes con ladrillos y revoque. Aparte del mal momento estuvieron con el miedo de no saber qui\u00e9nes son, si van a volver. Reci\u00e9n a la tarde se pudo tapar, arreglar los fierros de la ventana que hab\u00edan cortado, comprar ladrillo y material. La denuncia la hicimos en la Comisaria Segunda\u201d, finaliz\u00f3. Una situaci\u00f3n angustiante que vive esta familia de zona sur y que saben muy bien que hagan lo que hagan en la propiedad, seguramente, los volver\u00e1n a robar. <\/p>\n\n\n\n<p>Fuente: Diario El Norte<\/p>\n","protected":false},"excerpt":{"rendered":"<p>Ya casi no es una sorpresa, pero no deja de generar angustia, y es que otra vez, la tercera en los \u00faltimos dos meses, dejando un enorme agujero en la pared, sujetos desconocidos volvieron a entrar en la propiedad de calle Tierra del Fuego, a la que ya ven totalmente indefensa, y robaron lo que [&hellip;]<\/p>\n","protected":false},"author":4,"featured_media":58894,"comment_status":"open","ping_status":"closed","sticky":false,"template":"","format":"standard","meta":{"om_disable_all_campaigns":false,"_jetpack_memberships_contains_paid_content":false,"footnotes":""},"categories":[621],"tags":[],"class_list":["post-58892","post","type-post","status-publish","format-standard","has-post-thumbnail","hentry","category-regionales"],"aioseo_notices":[],"gutentor_comment":0,"jetpack_featured_media_url":"https:\/\/eldiariodesanpedro.com.ar\/sitio\/wp-content\/uploads\/2019\/08\/0-1-2.jpg","jetpack_shortlink":"https:\/\/wp.me\/p6RhLt-fjS","jetpack_sharing_enabled":true,"_links":{"self":[{"href":"https:\/\/eldiariodesanpedro.com.ar\/sitio\/wp-json\/wp\/v2\/posts\/58892","targetHints":{"allow":["GET"]}}],"collection":[{"href":"https:\/\/eldiariodesanpedro.com.ar\/sitio\/wp-json\/wp\/v2\/posts"}],"about":[{"href":"https:\/\/eldiariodesanpedro.com.ar\/sitio\/wp-json\/wp\/v2\/types\/post"}],"author":[{"embeddable":true,"href":"https:\/\/eldiariodesanpedro.com.ar\/sitio\/wp-json\/wp\/v2\/users\/4"}],"replies":[{"embeddable":true,"href":"https:\/\/eldiariodesanpedro.com.ar\/sitio\/wp-json\/wp\/v2\/comments?post=58892"}],"version-history":[{"count":1,"href":"https:\/\/eldiariodesanpedro.com.ar\/sitio\/wp-json\/wp\/v2\/posts\/58892\/revisions"}],"predecessor-version":[{"id":58896,"href":"https:\/\/eldiariodesanpedro.com.ar\/sitio\/wp-json\/wp\/v2\/posts\/58892\/revisions\/58896"}],"wp:featuredmedia":[{"embeddable":true,"href":"https:\/\/eldiariodesanpedro.com.ar\/sitio\/wp-json\/wp\/v2\/media\/58894"}],"wp:attachment":[{"href":"https:\/\/eldiariodesanpedro.com.ar\/sitio\/wp-json\/wp\/v2\/media?parent=58892"}],"wp:term":[{"taxonomy":"category","embeddable":true,"href":"https:\/\/eldiariodesanpedro.com.ar\/sitio\/wp-json\/wp\/v2\/categories?post=58892"},{"taxonomy":"post_tag","embeddable":true,"href":"https:\/\/eldiariodesanpedro.com.ar\/sitio\/wp-json\/wp\/v2\/tags?post=58892"}],"curies":[{"name":"wp","href":"https:\/\/api.w.org\/{rel}","templated":true}]}}