{"id":58889,"date":"2019-08-28T10:21:28","date_gmt":"2019-08-28T13:21:28","guid":{"rendered":"https:\/\/eldiariodesanpedro.com.ar\/sitio\/?p=58889"},"modified":"2019-08-28T10:21:33","modified_gmt":"2019-08-28T13:21:33","slug":"san-nicolas-fatal-accidente-en-la-autopista","status":"publish","type":"post","link":"https:\/\/eldiariodesanpedro.com.ar\/sitio\/san-nicolas-fatal-accidente-en-la-autopista\/","title":{"rendered":"SAN NICOL\u00c1S | Fatal accidente en la autopista"},"content":{"rendered":"<!-- VideographyWP Plugin Message: Automatic video embedding prevented by plugin options. -->\n\n<p>En la tarde del lunes se produjo un accidente sobre el Km. 218 de la autopista que dej\u00f3 el triste saldo de un hombre muerto. El siniestro se produjo cuando una Pick Up Peugeot 504, en la que se movilizaban los integrantes de una familia oriunda de la provincia de Tucum\u00e1n, y que llevaban de tiro un tr\u00e1iler, colision\u00f3 contra el acoplado de un cami\u00f3n y volc\u00f3. Juan Castro, de 84 a\u00f1os, falleci\u00f3 instant\u00e1neamente y su cuerpo tuvo que ser extra\u00eddo del habit\u00e1culo de la Pick Up, por integrantes del cuerpo de bomberos voluntarios de Villa Ramallo. En tanto que Juan Carlos Castro, de 59 a\u00f1os, y conductor del veh\u00edculo, y Natalia Castro, de 26 a\u00f1os, resultaron ilesos<\/p>\n\n\n\n<p>La informaci\u00f3n recogida por EL NORTE daba cuenta que las tres personas estaban realizando una mudanza de Capital Federal hasta Tucum\u00e1n &#8211; por eso el tr\u00e1iler que arrastraban con la Pick Up 504 &#8211; ya que la joven regresaba a su ciudad. En las primeras horas de la ma\u00f1ana de ayer el cuerpo de la infortunada v\u00edctima fue entregado a sus familiares y trasladado a su provincia de origen. Oficialmente se inform\u00f3 que aun se desconocen los motivos por los que se produjo el accidente.<\/p>\n\n\n\n<p>Fuente: Diario El Norte<\/p>\n","protected":false},"excerpt":{"rendered":"<p>En la tarde del lunes se produjo un accidente sobre el Km. 218 de la autopista que dej\u00f3 el triste saldo de un hombre muerto. El siniestro se produjo cuando una Pick Up Peugeot 504, en la que se movilizaban los integrantes de una familia oriunda de la provincia de Tucum\u00e1n, y que llevaban de [&hellip;]<\/p>\n","protected":false},"author":4,"featured_media":58890,"comment_status":"open","ping_status":"closed","sticky":false,"template":"","format":"standard","meta":{"om_disable_all_campaigns":false,"_jetpack_memberships_contains_paid_content":false,"footnotes":""},"categories":[621],"tags":[],"class_list":["post-58889","post","type-post","status-publish","format-standard","has-post-thumbnail","hentry","category-regionales"],"aioseo_notices":[],"gutentor_comment":0,"jetpack_featured_media_url":"https:\/\/eldiariodesanpedro.com.ar\/sitio\/wp-content\/uploads\/2019\/08\/0-11.jpg","jetpack_shortlink":"https:\/\/wp.me\/p6RhLt-fjP","jetpack_sharing_enabled":true,"_links":{"self":[{"href":"https:\/\/eldiariodesanpedro.com.ar\/sitio\/wp-json\/wp\/v2\/posts\/58889","targetHints":{"allow":["GET"]}}],"collection":[{"href":"https:\/\/eldiariodesanpedro.com.ar\/sitio\/wp-json\/wp\/v2\/posts"}],"about":[{"href":"https:\/\/eldiariodesanpedro.com.ar\/sitio\/wp-json\/wp\/v2\/types\/post"}],"author":[{"embeddable":true,"href":"https:\/\/eldiariodesanpedro.com.ar\/sitio\/wp-json\/wp\/v2\/users\/4"}],"replies":[{"embeddable":true,"href":"https:\/\/eldiariodesanpedro.com.ar\/sitio\/wp-json\/wp\/v2\/comments?post=58889"}],"version-history":[{"count":1,"href":"https:\/\/eldiariodesanpedro.com.ar\/sitio\/wp-json\/wp\/v2\/posts\/58889\/revisions"}],"predecessor-version":[{"id":58891,"href":"https:\/\/eldiariodesanpedro.com.ar\/sitio\/wp-json\/wp\/v2\/posts\/58889\/revisions\/58891"}],"wp:featuredmedia":[{"embeddable":true,"href":"https:\/\/eldiariodesanpedro.com.ar\/sitio\/wp-json\/wp\/v2\/media\/58890"}],"wp:attachment":[{"href":"https:\/\/eldiariodesanpedro.com.ar\/sitio\/wp-json\/wp\/v2\/media?parent=58889"}],"wp:term":[{"taxonomy":"category","embeddable":true,"href":"https:\/\/eldiariodesanpedro.com.ar\/sitio\/wp-json\/wp\/v2\/categories?post=58889"},{"taxonomy":"post_tag","embeddable":true,"href":"https:\/\/eldiariodesanpedro.com.ar\/sitio\/wp-json\/wp\/v2\/tags?post=58889"}],"curies":[{"name":"wp","href":"https:\/\/api.w.org\/{rel}","templated":true}]}}