{"id":58886,"date":"2019-08-28T10:17:14","date_gmt":"2019-08-28T13:17:14","guid":{"rendered":"https:\/\/eldiariodesanpedro.com.ar\/sitio\/?p=58886"},"modified":"2019-08-28T10:17:18","modified_gmt":"2019-08-28T13:17:18","slug":"la-ing-laura-hansen-asumio-como-jefa-del-inta-san-pedro","status":"publish","type":"post","link":"https:\/\/eldiariodesanpedro.com.ar\/sitio\/la-ing-laura-hansen-asumio-como-jefa-del-inta-san-pedro\/","title":{"rendered":"La Ing. Laura Hansen asumi\u00f3 como jefa del Inta San Pedro"},"content":{"rendered":"<!-- VideographyWP Plugin Message: Automatic video embedding prevented by plugin options. -->\n\n<p>La profesional asumi\u00f3 en lugar del Ingeniero Armando Constantino que deja el cargo despu\u00e9s de cuatro a\u00f1os de gesti\u00f3n. El acto se llev\u00f3 a cabo el martes a la ma\u00f1ana.&nbsp;<br><\/p>\n\n\n\n<p>En medio de una emotiva ceremonia asumi\u00f3 como nueva titular del Inta San Pedro la Ingeniera Agr\u00f3noma Laura Hansen. La profesional se transforma en la primera mujer que ocupa ese cargo adem\u00e1s de haber hecho toda su carrera en la misma agencia experimental.<\/p>\n\n\n\n<p>El acto de asunci\u00f3n se llev\u00f3 a cabo en el auditorio que la sede ubicada sobre la Ruta 9 posee y fue encabezado por el Director del Centro Regional Buenos Aires Norte, Hern\u00e1n Trebino, y del Presidente del Consejo, Francisco Torreguitar.<\/p>\n\n\n\n<p>\u201cEs una joven profesional con una amplia experiencia, porque estuvo a cargo de la agencia de exterior rural donde puso en evidencia cualidades, como su capacidad de di\u00e1logo de articulaci\u00f3n interna y externa que creo que van a ser claves para augurarte una muy buena gesti\u00f3n\u201d, resalt\u00f3 Tebino sobre el inicio del acto.<\/p>\n\n\n\n<p>\u201cEsta es una estaci\u00f3n experimental que tiene un equipo muy valioso de gente, que tiene muchos potencialidades y que durante a\u00f1os ha venido trabajando en la generaci\u00f3n de tecnolog\u00eda para el sector, pero hoy no solo es suficiente generar tecnolog\u00eda sino que tenemos que conformar equipos de trabajo para acompa\u00f1arlos a ustedes los\u00a0productores\u00a0en la resoluci\u00f3n de los problemas\u201d, afirm\u00f3 Laura Hansen en su presentaci\u00f3n.<\/p>\n\n\n\n<p>Fuente: San Pedro Informa<\/p>\n","protected":false},"excerpt":{"rendered":"<p>La profesional asumi\u00f3 en lugar del Ingeniero Armando Constantino que deja el cargo despu\u00e9s de cuatro a\u00f1os de gesti\u00f3n. El acto se llev\u00f3 a cabo el martes a la ma\u00f1ana.&nbsp; En medio de una emotiva ceremonia asumi\u00f3 como nueva titular del Inta San Pedro la Ingeniera Agr\u00f3noma Laura Hansen. La profesional se transforma en la [&hellip;]<\/p>\n","protected":false},"author":4,"featured_media":58887,"comment_status":"open","ping_status":"closed","sticky":false,"template":"","format":"standard","meta":{"om_disable_all_campaigns":false,"_jetpack_memberships_contains_paid_content":false,"footnotes":""},"categories":[101,2],"tags":[],"class_list":["post-58886","post","type-post","status-publish","format-standard","has-post-thumbnail","hentry","category-interes-general-locales","category-locales"],"aioseo_notices":[],"gutentor_comment":0,"jetpack_featured_media_url":"https:\/\/eldiariodesanpedro.com.ar\/sitio\/wp-content\/uploads\/2019\/08\/000079404.jpg","jetpack_shortlink":"https:\/\/wp.me\/p6RhLt-fjM","jetpack_sharing_enabled":true,"_links":{"self":[{"href":"https:\/\/eldiariodesanpedro.com.ar\/sitio\/wp-json\/wp\/v2\/posts\/58886","targetHints":{"allow":["GET"]}}],"collection":[{"href":"https:\/\/eldiariodesanpedro.com.ar\/sitio\/wp-json\/wp\/v2\/posts"}],"about":[{"href":"https:\/\/eldiariodesanpedro.com.ar\/sitio\/wp-json\/wp\/v2\/types\/post"}],"author":[{"embeddable":true,"href":"https:\/\/eldiariodesanpedro.com.ar\/sitio\/wp-json\/wp\/v2\/users\/4"}],"replies":[{"embeddable":true,"href":"https:\/\/eldiariodesanpedro.com.ar\/sitio\/wp-json\/wp\/v2\/comments?post=58886"}],"version-history":[{"count":1,"href":"https:\/\/eldiariodesanpedro.com.ar\/sitio\/wp-json\/wp\/v2\/posts\/58886\/revisions"}],"predecessor-version":[{"id":58888,"href":"https:\/\/eldiariodesanpedro.com.ar\/sitio\/wp-json\/wp\/v2\/posts\/58886\/revisions\/58888"}],"wp:featuredmedia":[{"embeddable":true,"href":"https:\/\/eldiariodesanpedro.com.ar\/sitio\/wp-json\/wp\/v2\/media\/58887"}],"wp:attachment":[{"href":"https:\/\/eldiariodesanpedro.com.ar\/sitio\/wp-json\/wp\/v2\/media?parent=58886"}],"wp:term":[{"taxonomy":"category","embeddable":true,"href":"https:\/\/eldiariodesanpedro.com.ar\/sitio\/wp-json\/wp\/v2\/categories?post=58886"},{"taxonomy":"post_tag","embeddable":true,"href":"https:\/\/eldiariodesanpedro.com.ar\/sitio\/wp-json\/wp\/v2\/tags?post=58886"}],"curies":[{"name":"wp","href":"https:\/\/api.w.org\/{rel}","templated":true}]}}