{"id":58866,"date":"2019-08-28T10:30:48","date_gmt":"2019-08-28T13:30:48","guid":{"rendered":"https:\/\/eldiariodesanpedro.com.ar\/sitio\/?p=58866"},"modified":"2019-08-28T10:30:52","modified_gmt":"2019-08-28T13:30:52","slug":"campana-usalo-siempre-entregara-preservativos-en-la-puerta-de-boliches","status":"publish","type":"post","link":"https:\/\/eldiariodesanpedro.com.ar\/sitio\/campana-usalo-siempre-entregara-preservativos-en-la-puerta-de-boliches\/","title":{"rendered":"Campa\u00f1a Usalo Siempre: Entregar\u00e1 preservativos en la puerta de boliches"},"content":{"rendered":"<!-- VideographyWP Plugin Message: Automatic video embedding prevented by plugin options. -->\n\n<p>Destinada a adolescentes y j\u00f3venes, y con el fin de transmitir un mensaje de prevenci\u00f3n de las infecciones de transmisi\u00f3n sexual (ITS) a trav\u00e9s del uso correcto del preservativo y el campo de l\u00e1tex. <\/p>\n\n\n\n<p>El objetivo principal de la campa\u00f1a es reforzar la idea de que el preservativo es el \u00fanico m\u00e9todo que, usado correctamente en todas las relaciones sexuales (anales, vaginales, orales), previene las ITS como VIH, s\u00edfilis o gonorrea, entre otras.<\/p>\n\n\n\n<p>Ademas busca aclarar dudas o mitos que a\u00fan persisten en relaci\u00f3n al preservativo (\u201csi acabo afuera no necesito usarlo\u201d; \u201csi uso dos juntos es m\u00e1s efectivo\u201d) y aportar informaci\u00f3n sobre el uso del campo de l\u00e1tex.<\/p>\n\n\n\n<p>Esta ma\u00f1ana dialogamos con el Secretario de Salud, Guillermo Sancho y el Jefe de Laboratorio del Hospital local, Adrian Spotti,  quienes en conferencia de prensa brindaron detalles de como se implementara esta campa\u00f1a en el marco de educaci\u00f3n sexual y enfermedades de transmisi\u00f3n sexual  en nuestra ciudad.<\/p>\n\n\n\n<figure class=\"wp-block-image\"><img decoding=\"async\" width=\"1024\" height=\"768\" data-attachment-id=\"58904\" data-permalink=\"https:\/\/eldiariodesanpedro.com.ar\/sitio\/img-20190828-wa0024\/\" data-orig-file=\"https:\/\/eldiariodesanpedro.com.ar\/sitio\/wp-content\/uploads\/2019\/08\/IMG-20190828-WA0024.jpg\" data-orig-size=\"1280,960\" data-comments-opened=\"1\" data-image-meta=\"{&quot;aperture&quot;:&quot;0&quot;,&quot;credit&quot;:&quot;&quot;,&quot;camera&quot;:&quot;&quot;,&quot;caption&quot;:&quot;&quot;,&quot;created_timestamp&quot;:&quot;0&quot;,&quot;copyright&quot;:&quot;&quot;,&quot;focal_length&quot;:&quot;0&quot;,&quot;iso&quot;:&quot;0&quot;,&quot;shutter_speed&quot;:&quot;0&quot;,&quot;title&quot;:&quot;&quot;,&quot;orientation&quot;:&quot;0&quot;}\" data-image-title=\"IMG-20190828-WA0024\" data-image-description=\"\" data-image-caption=\"\" data-large-file=\"https:\/\/eldiariodesanpedro.com.ar\/sitio\/wp-content\/uploads\/2019\/08\/IMG-20190828-WA0024-1024x768.jpg\" data-src=\"https:\/\/eldiariodesanpedro.com.ar\/sitio\/wp-content\/uploads\/2019\/08\/IMG-20190828-WA0024-1024x768.jpg\" alt=\"\" class=\"wp-image-58904 lazyload\" data-srcset=\"https:\/\/eldiariodesanpedro.com.ar\/sitio\/wp-content\/uploads\/2019\/08\/IMG-20190828-WA0024-1024x768.jpg 1024w, https:\/\/eldiariodesanpedro.com.ar\/sitio\/wp-content\/uploads\/2019\/08\/IMG-20190828-WA0024-300x225.jpg 300w, https:\/\/eldiariodesanpedro.com.ar\/sitio\/wp-content\/uploads\/2019\/08\/IMG-20190828-WA0024-768x576.jpg 768w, https:\/\/eldiariodesanpedro.com.ar\/sitio\/wp-content\/uploads\/2019\/08\/IMG-20190828-WA0024.jpg 1280w\" data-sizes=\"(max-width: 1024px) 100vw, 1024px\" src=\"data:image\/svg+xml;base64,PHN2ZyB3aWR0aD0iMSIgaGVpZ2h0PSIxIiB4bWxucz0iaHR0cDovL3d3dy53My5vcmcvMjAwMC9zdmciPjwvc3ZnPg==\" style=\"--smush-placeholder-width: 1024px; --smush-placeholder-aspect-ratio: 1024\/768;\" \/><\/figure>\n\n\n\n<p>Sancho dijo, \u00abestuvimos analizando las estad\u00edsticas de los \u00faltimos a\u00f1os de que paulatinamente se fue incrementando la cantidad de casos que vemos en los sectores publico y me imagino que en lo privado debe ser igual en transmisiones sexuales y nos parece adecuado visibilizar estos resultandos que estamos manejando, ademas de implementar las acciones de esta campa\u00f1a que va a consistir en la entrega de preservativos sin costo en la entrada de los boliches  este d\u00eda sabado, que ser\u00e1n entregados con la entrada, estar\u00e1 una enfermera y promotoras en las puertas de Dubai, Hollywood y Club Zero\u00bb<\/p>\n\n\n\n<p>\u00abEs el \u00fanico m\u00e9todo con el que hoy contamos para evitar contagios, es el uso correcto de preservativo, durante el 2017 se aumentaron un 10% los casos de s\u00edfilis, a lo que va del 2019 sacando una estad\u00edstica del mismo mes que el a\u00f1o pasado estamos en un 14% mas, por eso desde regi\u00f3n sanitaria se han reforzado los m\u00e9todos para prevenci\u00f3n\u00bb<\/p>\n\n\n\n<p>El Dr Spotti agrego, \u00aben lo que va del a\u00f1o tenemos 40 nuevos casos de s\u00edfilis por mes, esto es una suba estimaci\u00f3n porque el 90% de los casos son de embarazadas por eso se esta haciendo un trabajo importante en el \u00e1rea de ginec\u00f3loga, por eso es importante informarse , la mayor\u00eda de los tratamientos fracasan porque las parejas no se hacen los estudios correspondientes, si la pareja no se trata la reinfeccion vuelve, por eso aclaramos  que en el Hospital o en los Centros de Salud est\u00e1n los reactivos correspondientes para determinar enfermedades, los hombres tambi\u00e9n se tienen que arrimar\u00bb<\/p>\n\n\n\n<p>\u00abTenemos un proyecto que estamos trabajando para pronto poder visitar casa por casa y hacer las extracciones para enfermedades como HIV, Hepatitis, Sifilis\u00bb.<\/p>\n\n\n\n<figure class=\"wp-block-image\"><img decoding=\"async\" width=\"1024\" height=\"768\" data-attachment-id=\"58903\" data-permalink=\"https:\/\/eldiariodesanpedro.com.ar\/sitio\/img-20190828-wa0023\/\" data-orig-file=\"https:\/\/eldiariodesanpedro.com.ar\/sitio\/wp-content\/uploads\/2019\/08\/IMG-20190828-WA0023.jpg\" data-orig-size=\"1280,960\" data-comments-opened=\"1\" data-image-meta=\"{&quot;aperture&quot;:&quot;0&quot;,&quot;credit&quot;:&quot;&quot;,&quot;camera&quot;:&quot;&quot;,&quot;caption&quot;:&quot;&quot;,&quot;created_timestamp&quot;:&quot;0&quot;,&quot;copyright&quot;:&quot;&quot;,&quot;focal_length&quot;:&quot;0&quot;,&quot;iso&quot;:&quot;0&quot;,&quot;shutter_speed&quot;:&quot;0&quot;,&quot;title&quot;:&quot;&quot;,&quot;orientation&quot;:&quot;0&quot;}\" data-image-title=\"IMG-20190828-WA0023\" data-image-description=\"\" data-image-caption=\"\" data-large-file=\"https:\/\/eldiariodesanpedro.com.ar\/sitio\/wp-content\/uploads\/2019\/08\/IMG-20190828-WA0023-1024x768.jpg\" data-src=\"https:\/\/eldiariodesanpedro.com.ar\/sitio\/wp-content\/uploads\/2019\/08\/IMG-20190828-WA0023-1024x768.jpg\" alt=\"\" class=\"wp-image-58903 lazyload\" data-srcset=\"https:\/\/eldiariodesanpedro.com.ar\/sitio\/wp-content\/uploads\/2019\/08\/IMG-20190828-WA0023-1024x768.jpg 1024w, https:\/\/eldiariodesanpedro.com.ar\/sitio\/wp-content\/uploads\/2019\/08\/IMG-20190828-WA0023-300x225.jpg 300w, https:\/\/eldiariodesanpedro.com.ar\/sitio\/wp-content\/uploads\/2019\/08\/IMG-20190828-WA0023-768x576.jpg 768w, https:\/\/eldiariodesanpedro.com.ar\/sitio\/wp-content\/uploads\/2019\/08\/IMG-20190828-WA0023.jpg 1280w\" data-sizes=\"(max-width: 1024px) 100vw, 1024px\" src=\"data:image\/svg+xml;base64,PHN2ZyB3aWR0aD0iMSIgaGVpZ2h0PSIxIiB4bWxucz0iaHR0cDovL3d3dy53My5vcmcvMjAwMC9zdmciPjwvc3ZnPg==\" style=\"--smush-placeholder-width: 1024px; --smush-placeholder-aspect-ratio: 1024\/768;\" \/><\/figure>\n\n\n\n<p><br><\/p>\n","protected":false},"excerpt":{"rendered":"<p>Destinada a adolescentes y j\u00f3venes, y con el fin de transmitir un mensaje de prevenci\u00f3n de las infecciones de transmisi\u00f3n sexual (ITS) a trav\u00e9s del uso correcto del preservativo y el campo de l\u00e1tex. El objetivo principal de la campa\u00f1a es reforzar la idea de que el preservativo es el \u00fanico m\u00e9todo que, usado correctamente [&hellip;]<\/p>\n","protected":false},"author":4,"featured_media":58895,"comment_status":"open","ping_status":"closed","sticky":false,"template":"","format":"standard","meta":{"om_disable_all_campaigns":false,"_jetpack_memberships_contains_paid_content":false,"footnotes":""},"categories":[50,101,2],"tags":[],"class_list":["post-58866","post","type-post","status-publish","format-standard","has-post-thumbnail","hentry","category-destacadas","category-interes-general-locales","category-locales"],"aioseo_notices":[],"gutentor_comment":0,"jetpack_featured_media_url":"https:\/\/eldiariodesanpedro.com.ar\/sitio\/wp-content\/uploads\/2019\/08\/IMG-20190827-WA0077.jpg","jetpack_shortlink":"https:\/\/wp.me\/p6RhLt-fjs","jetpack_sharing_enabled":true,"_links":{"self":[{"href":"https:\/\/eldiariodesanpedro.com.ar\/sitio\/wp-json\/wp\/v2\/posts\/58866","targetHints":{"allow":["GET"]}}],"collection":[{"href":"https:\/\/eldiariodesanpedro.com.ar\/sitio\/wp-json\/wp\/v2\/posts"}],"about":[{"href":"https:\/\/eldiariodesanpedro.com.ar\/sitio\/wp-json\/wp\/v2\/types\/post"}],"author":[{"embeddable":true,"href":"https:\/\/eldiariodesanpedro.com.ar\/sitio\/wp-json\/wp\/v2\/users\/4"}],"replies":[{"embeddable":true,"href":"https:\/\/eldiariodesanpedro.com.ar\/sitio\/wp-json\/wp\/v2\/comments?post=58866"}],"version-history":[{"count":1,"href":"https:\/\/eldiariodesanpedro.com.ar\/sitio\/wp-json\/wp\/v2\/posts\/58866\/revisions"}],"predecessor-version":[{"id":58905,"href":"https:\/\/eldiariodesanpedro.com.ar\/sitio\/wp-json\/wp\/v2\/posts\/58866\/revisions\/58905"}],"wp:featuredmedia":[{"embeddable":true,"href":"https:\/\/eldiariodesanpedro.com.ar\/sitio\/wp-json\/wp\/v2\/media\/58895"}],"wp:attachment":[{"href":"https:\/\/eldiariodesanpedro.com.ar\/sitio\/wp-json\/wp\/v2\/media?parent=58866"}],"wp:term":[{"taxonomy":"category","embeddable":true,"href":"https:\/\/eldiariodesanpedro.com.ar\/sitio\/wp-json\/wp\/v2\/categories?post=58866"},{"taxonomy":"post_tag","embeddable":true,"href":"https:\/\/eldiariodesanpedro.com.ar\/sitio\/wp-json\/wp\/v2\/tags?post=58866"}],"curies":[{"name":"wp","href":"https:\/\/api.w.org\/{rel}","templated":true}]}}