{"id":58861,"date":"2019-08-27T18:48:00","date_gmt":"2019-08-27T21:48:00","guid":{"rendered":"https:\/\/eldiariodesanpedro.com.ar\/sitio\/?p=58861"},"modified":"2019-08-27T19:08:14","modified_gmt":"2019-08-27T22:08:14","slug":"rio-tala-violo-salvajemente-a-su-hija-de-7-meses-esta-detenido","status":"publish","type":"post","link":"https:\/\/eldiariodesanpedro.com.ar\/sitio\/rio-tala-violo-salvajemente-a-su-hija-de-7-meses-esta-detenido\/","title":{"rendered":"RIO TALA: Viol\u00f3 salvajemente a su hija de 7 meses, est\u00e1 detenido"},"content":{"rendered":"<!-- VideographyWP Plugin Message: Automatic video embedding prevented by plugin options. -->\n\n<p>El aberrante hecho se conoci\u00f3 esta ma\u00f1ana cuando una joven, llamada Jaquelina, de 19 a\u00f1os, denunci\u00f3 que su beba hab\u00eda sido sometida sexualmente por su progenitor, de 29.  <\/p>\n\n\n\n<p>La localidad vecina se convirti\u00f3 en escenario de un aberrante suceso, ya que una indefensa criatura de 7 meses fue salvajemente violada por su propio padre, seg\u00fan el testimonio de la mam\u00e1.<\/p>\n\n\n\n<p>El violador se desempe\u00f1a como jornalero, es un ciudadano de 29 a\u00f1os de edad quien se encontraba separado de la mama de su hija pero conviviendo en la misma casa.<\/p>\n\n\n\n<p>La criatura fue llevada a la guardia de pediatr\u00eda por su mam\u00e1, donde qued\u00f3 al cuidado de los m\u00e9dicos  quienes pudieron comprobar las lesiones del abuso, donde tambi\u00e9n fue revisada por  una m\u00e9dica forense y constat\u00f3 que la denuncia de la madre tiene asidero.<\/p>\n\n\n\n<p>Posterior a eso, la denuncia fue radicada el domingo en la comisar\u00eda de la mujer y familia tomando intervenci\u00f3n la Fiscal Viviana Ramos quien orden\u00f3 todas las pericias correspondientes y ante los resultados, la urgente detenci\u00f3n del acusado.<\/p>\n\n\n\n<p>As\u00ed fue como este martes por la tarde el acusado fue detenido en R\u00edo Tala, trasladado a la dependencia local y puesto a disposici\u00f3n de la Justicia, imputado por \u00ababuso sexual agravado\u00bb.<\/p>\n\n\n\n<p>\n\nEste mismo a\u00f1o, el acusado hab\u00eda sido denunciado por el presunto abuso de una nena de 6 a\u00f1os.\n\n<\/p>\n\n\n\n<p>La peque\u00f1a permanece internada en la  sala de Pediatr\u00eda del Hospital sin riesgos de vida, m\u00e1s all\u00e1 del horror que le toc\u00f3 atravesar.<\/p>\n\n\n\n<figure class=\"wp-block-image\"><img decoding=\"async\" width=\"750\" height=\"400\" data-attachment-id=\"58862\" data-permalink=\"https:\/\/eldiariodesanpedro.com.ar\/sitio\/rio-tala-violo-salvajemente-a-su-hija-de-7-meses-esta-detenido\/49bfa67b-1543-4d21-a3ac-49183675d715\/\" data-orig-file=\"https:\/\/eldiariodesanpedro.com.ar\/sitio\/wp-content\/uploads\/2019\/08\/49bfa67b-1543-4d21-a3ac-49183675d715.jpg\" data-orig-size=\"750,400\" data-comments-opened=\"1\" data-image-meta=\"{&quot;aperture&quot;:&quot;0&quot;,&quot;credit&quot;:&quot;&quot;,&quot;camera&quot;:&quot;&quot;,&quot;caption&quot;:&quot;&quot;,&quot;created_timestamp&quot;:&quot;0&quot;,&quot;copyright&quot;:&quot;&quot;,&quot;focal_length&quot;:&quot;0&quot;,&quot;iso&quot;:&quot;0&quot;,&quot;shutter_speed&quot;:&quot;0&quot;,&quot;title&quot;:&quot;&quot;,&quot;orientation&quot;:&quot;0&quot;}\" data-image-title=\"49bfa67b-1543-4d21-a3ac-49183675d715\" data-image-description=\"\" data-image-caption=\"\" data-large-file=\"https:\/\/eldiariodesanpedro.com.ar\/sitio\/wp-content\/uploads\/2019\/08\/49bfa67b-1543-4d21-a3ac-49183675d715.jpg\" data-src=\"https:\/\/eldiariodesanpedro.com.ar\/sitio\/wp-content\/uploads\/2019\/08\/49bfa67b-1543-4d21-a3ac-49183675d715.jpg\" alt=\"\" class=\"wp-image-58862 lazyload\" data-srcset=\"https:\/\/eldiariodesanpedro.com.ar\/sitio\/wp-content\/uploads\/2019\/08\/49bfa67b-1543-4d21-a3ac-49183675d715.jpg 750w, https:\/\/eldiariodesanpedro.com.ar\/sitio\/wp-content\/uploads\/2019\/08\/49bfa67b-1543-4d21-a3ac-49183675d715-300x160.jpg 300w\" data-sizes=\"(max-width: 750px) 100vw, 750px\" src=\"data:image\/svg+xml;base64,PHN2ZyB3aWR0aD0iMSIgaGVpZ2h0PSIxIiB4bWxucz0iaHR0cDovL3d3dy53My5vcmcvMjAwMC9zdmciPjwvc3ZnPg==\" style=\"--smush-placeholder-width: 750px; --smush-placeholder-aspect-ratio: 750\/400;\" \/><\/figure>\n","protected":false},"excerpt":{"rendered":"<p>El aberrante hecho se conoci\u00f3 esta ma\u00f1ana cuando una joven, llamada Jaquelina, de 19 a\u00f1os, denunci\u00f3 que su beba hab\u00eda sido sometida sexualmente por su progenitor, de 29. La localidad vecina se convirti\u00f3 en escenario de un aberrante suceso, ya que una indefensa criatura de 7 meses fue salvajemente violada por su propio padre, seg\u00fan [&hellip;]<\/p>\n","protected":false},"author":4,"featured_media":58863,"comment_status":"open","ping_status":"closed","sticky":false,"template":"","format":"standard","meta":{"om_disable_all_campaigns":false,"_jetpack_memberships_contains_paid_content":false,"footnotes":""},"categories":[50,2,103],"tags":[],"class_list":["post-58861","post","type-post","status-publish","format-standard","has-post-thumbnail","hentry","category-destacadas","category-locales","category-policiales-locales"],"aioseo_notices":[],"gutentor_comment":0,"jetpack_featured_media_url":"https:\/\/eldiariodesanpedro.com.ar\/sitio\/wp-content\/uploads\/2019\/08\/937x553_501125_20190827145904.jpg","jetpack_shortlink":"https:\/\/wp.me\/p6RhLt-fjn","jetpack_sharing_enabled":true,"_links":{"self":[{"href":"https:\/\/eldiariodesanpedro.com.ar\/sitio\/wp-json\/wp\/v2\/posts\/58861","targetHints":{"allow":["GET"]}}],"collection":[{"href":"https:\/\/eldiariodesanpedro.com.ar\/sitio\/wp-json\/wp\/v2\/posts"}],"about":[{"href":"https:\/\/eldiariodesanpedro.com.ar\/sitio\/wp-json\/wp\/v2\/types\/post"}],"author":[{"embeddable":true,"href":"https:\/\/eldiariodesanpedro.com.ar\/sitio\/wp-json\/wp\/v2\/users\/4"}],"replies":[{"embeddable":true,"href":"https:\/\/eldiariodesanpedro.com.ar\/sitio\/wp-json\/wp\/v2\/comments?post=58861"}],"version-history":[{"count":2,"href":"https:\/\/eldiariodesanpedro.com.ar\/sitio\/wp-json\/wp\/v2\/posts\/58861\/revisions"}],"predecessor-version":[{"id":58865,"href":"https:\/\/eldiariodesanpedro.com.ar\/sitio\/wp-json\/wp\/v2\/posts\/58861\/revisions\/58865"}],"wp:featuredmedia":[{"embeddable":true,"href":"https:\/\/eldiariodesanpedro.com.ar\/sitio\/wp-json\/wp\/v2\/media\/58863"}],"wp:attachment":[{"href":"https:\/\/eldiariodesanpedro.com.ar\/sitio\/wp-json\/wp\/v2\/media?parent=58861"}],"wp:term":[{"taxonomy":"category","embeddable":true,"href":"https:\/\/eldiariodesanpedro.com.ar\/sitio\/wp-json\/wp\/v2\/categories?post=58861"},{"taxonomy":"post_tag","embeddable":true,"href":"https:\/\/eldiariodesanpedro.com.ar\/sitio\/wp-json\/wp\/v2\/tags?post=58861"}],"curies":[{"name":"wp","href":"https:\/\/api.w.org\/{rel}","templated":true}]}}