{"id":58857,"date":"2019-08-27T11:51:25","date_gmt":"2019-08-27T14:51:25","guid":{"rendered":"https:\/\/eldiariodesanpedro.com.ar\/sitio\/?p=58857"},"modified":"2019-08-27T11:51:29","modified_gmt":"2019-08-27T14:51:29","slug":"dos-aprehendidos-por-captura-activa","status":"publish","type":"post","link":"https:\/\/eldiariodesanpedro.com.ar\/sitio\/dos-aprehendidos-por-captura-activa\/","title":{"rendered":"Dos aprehendidos por captura activa"},"content":{"rendered":"<!-- VideographyWP Plugin Message: Automatic video embedding prevented by plugin options. -->\n\n<p>Tras distintos operativos en recorrida habitual se procede a la aprehensi\u00f3n de un sujeto de 33 a\u00f1os de edad y otro de 23,  quienes pose\u00eda pedido de captura activa.<\/p>\n\n\n\n<p>El hecho se produjo en intersecci\u00f3n de las calles Belgrano y Casella cuando proceden a la identificaci\u00f3n de un masculino de 33 y tras cursar sus datos en el sistema inform\u00e1tico policial registra pedido de captura activa por robo.<\/p>\n\n\n\n<p>Tambi\u00e9n su acompa\u00f1ante, otro masculino de 23 , registraba pedido de paradero activo a requerimiento de la justicia ordinaria de San Nicolas.<br><\/p>\n","protected":false},"excerpt":{"rendered":"<p>Tras distintos operativos en recorrida habitual se procede a la aprehensi\u00f3n de un sujeto de 33 a\u00f1os de edad y otro de 23, quienes pose\u00eda pedido de captura activa. El hecho se produjo en intersecci\u00f3n de las calles Belgrano y Casella cuando proceden a la identificaci\u00f3n de un masculino de 33 y tras cursar sus [&hellip;]<\/p>\n","protected":false},"author":4,"featured_media":58532,"comment_status":"open","ping_status":"closed","sticky":false,"template":"","format":"standard","meta":{"om_disable_all_campaigns":false,"_jetpack_memberships_contains_paid_content":false,"footnotes":""},"categories":[2,103],"tags":[],"class_list":["post-58857","post","type-post","status-publish","format-standard","has-post-thumbnail","hentry","category-locales","category-policiales-locales"],"aioseo_notices":[],"gutentor_comment":0,"jetpack_featured_media_url":"https:\/\/eldiariodesanpedro.com.ar\/sitio\/wp-content\/uploads\/2019\/08\/policia_detenido06.jpg","jetpack_shortlink":"https:\/\/wp.me\/p6RhLt-fjj","jetpack_sharing_enabled":true,"_links":{"self":[{"href":"https:\/\/eldiariodesanpedro.com.ar\/sitio\/wp-json\/wp\/v2\/posts\/58857","targetHints":{"allow":["GET"]}}],"collection":[{"href":"https:\/\/eldiariodesanpedro.com.ar\/sitio\/wp-json\/wp\/v2\/posts"}],"about":[{"href":"https:\/\/eldiariodesanpedro.com.ar\/sitio\/wp-json\/wp\/v2\/types\/post"}],"author":[{"embeddable":true,"href":"https:\/\/eldiariodesanpedro.com.ar\/sitio\/wp-json\/wp\/v2\/users\/4"}],"replies":[{"embeddable":true,"href":"https:\/\/eldiariodesanpedro.com.ar\/sitio\/wp-json\/wp\/v2\/comments?post=58857"}],"version-history":[{"count":1,"href":"https:\/\/eldiariodesanpedro.com.ar\/sitio\/wp-json\/wp\/v2\/posts\/58857\/revisions"}],"predecessor-version":[{"id":58858,"href":"https:\/\/eldiariodesanpedro.com.ar\/sitio\/wp-json\/wp\/v2\/posts\/58857\/revisions\/58858"}],"wp:featuredmedia":[{"embeddable":true,"href":"https:\/\/eldiariodesanpedro.com.ar\/sitio\/wp-json\/wp\/v2\/media\/58532"}],"wp:attachment":[{"href":"https:\/\/eldiariodesanpedro.com.ar\/sitio\/wp-json\/wp\/v2\/media?parent=58857"}],"wp:term":[{"taxonomy":"category","embeddable":true,"href":"https:\/\/eldiariodesanpedro.com.ar\/sitio\/wp-json\/wp\/v2\/categories?post=58857"},{"taxonomy":"post_tag","embeddable":true,"href":"https:\/\/eldiariodesanpedro.com.ar\/sitio\/wp-json\/wp\/v2\/tags?post=58857"}],"curies":[{"name":"wp","href":"https:\/\/api.w.org\/{rel}","templated":true}]}}