{"id":58851,"date":"2019-08-27T11:12:38","date_gmt":"2019-08-27T14:12:38","guid":{"rendered":"https:\/\/eldiariodesanpedro.com.ar\/sitio\/?p=58851"},"modified":"2019-08-27T11:12:43","modified_gmt":"2019-08-27T14:12:43","slug":"festejos-del-dia-del-nino","status":"publish","type":"post","link":"https:\/\/eldiariodesanpedro.com.ar\/sitio\/festejos-del-dia-del-nino\/","title":{"rendered":"Festejos del d\u00eda del ni\u00f1o"},"content":{"rendered":"<!-- VideographyWP Plugin Message: Automatic video embedding prevented by plugin options. -->\n\n<p>La Municipalidad de San Pedro a trav\u00e9s de la Secretar\u00eda de Desarrollo Humano colabor\u00f3 este a\u00f1o, como en los anteriores, con los festejos del d\u00eda del ni\u00f1o de diferentes comisiones de fomento, comedores barriales, delegaciones municipales, instituciones, aportando golosinas, leche, chocolatada, y otras cosas.\u00a0<\/p>\n\n\n\n<p>Este aporte se suma al esfuerzo que cada persona, grupo e instituci\u00f3n realiza desde sus espacios para ver sonre\u00edr a ni\u00f1os y ni\u00f1as en su d\u00eda. Muchas gracias por tantos gestos solidarios.<\/p>\n\n\n\n<p><br>Pueblo Doyle<br>*Delegaci\u00f3n \/ Comisi\u00f3n de Fomento<br>*Deportivo La Roca y Caritas<\/p>\n\n\n\n<p><br>Santa Lucia<br>*Delegaci\u00f3n junto a F\u00fatbol Infantil<br>*Comedor comunitario \u201cNuestros Ni\u00f1os\u201d<\/p>\n\n\n\n<p><br>Rio Tala<br>*Club Independencia Rio Tala<br>*Iglesia Evang\u00e9lica Rio Tala<\/p>\n\n\n\n<p><br>Gdor. Castro<br>*Delegaci\u00f3n Gobernador Castro<br>*Comedor Jes\u00fas Misericordioso (Gobernador Castro)<br>*Castro F\u00fatbol Club<br>*Subdelegaci\u00f3n Vta. De Obligado (Organiza delegaci\u00f3n y comisi\u00f3n de fomento)<\/p>\n\n\n\n<p><br>Parajes<br>*Bajo Tala<br>*La Buena Moza<\/p>\n\n\n\n<p><br>La Tosquera<br>*Sede Envi\u00f3n<br>*Iglesia \u201cCapilla Ntra. Sra. Del Rosario de San Nicol\u00e1s\u201d<br>*Iglesia Evang\u00e9lica<\/p>\n\n\n\n<p><br>Barrios y Comisiones de Fomento<br>*Comisi\u00f3n Barrio San Juli\u00e1n&nbsp;<br>*Zona Bajo Puerto<br>*Zona Bajo Cementerio<br>*Zona San Lorenzo 2660<br>*Barrio Cruz Roja&nbsp;<br>*Barrio Estrada<br>*Barrio Futuro<br>*Sede Envi\u00f3n Depietri<br>*Sede Envi\u00f3n Canaletas<br>*\u201cMerendero La Uni\u00f3n\u201d<br>*Comedor \u201cSan Miguel\u201d<br>*Comedor \u201c2 de abril\u201d<\/p>\n\n\n\n<p><br>En zona de Islas<br>*Escuela Los Laureles<br>*Iglesia Evang\u00e9lica<\/p>\n\n\n\n<p>*Club Independiente S. P. (F\u00fatbol Infantil)<br>*Club Defensores Unidos de San Pedro<\/p>\n\n\n\n<p><br>Con la colaboraci\u00f3n de la empresa Arcor, tambi\u00e9n se entregaron galletitas a todos los jardines municipales:<br>*Calcul\u00edn (Buena Moza)<br>*Pulgarcito (Pueblo Doyle)<br>*Jard\u00edn Calcuta<br>*Jard\u00edn Frutillitas<br>*Jard\u00edn Los Santos Quir\u00f3s<\/p>\n\n\n\n<p><br>Y casas del ni\u00f1o municipales:\u00a0<br>*\u201cEl Amanecer\u201d<br>*\u201cPaula Albarrac\u00edn\u201d<\/p>\n\n\n\n<figure class=\"wp-block-image\"><img decoding=\"async\" width=\"1024\" height=\"678\" data-attachment-id=\"58852\" data-permalink=\"https:\/\/eldiariodesanpedro.com.ar\/sitio\/festejos-del-dia-del-nino\/1-124\/\" data-orig-file=\"https:\/\/eldiariodesanpedro.com.ar\/sitio\/wp-content\/uploads\/2019\/08\/1-4.jpeg\" data-orig-size=\"1280,847\" data-comments-opened=\"1\" data-image-meta=\"{&quot;aperture&quot;:&quot;0&quot;,&quot;credit&quot;:&quot;&quot;,&quot;camera&quot;:&quot;&quot;,&quot;caption&quot;:&quot;&quot;,&quot;created_timestamp&quot;:&quot;0&quot;,&quot;copyright&quot;:&quot;&quot;,&quot;focal_length&quot;:&quot;0&quot;,&quot;iso&quot;:&quot;0&quot;,&quot;shutter_speed&quot;:&quot;0&quot;,&quot;title&quot;:&quot;&quot;,&quot;orientation&quot;:&quot;0&quot;}\" data-image-title=\"1\" data-image-description=\"\" data-image-caption=\"\" data-large-file=\"https:\/\/eldiariodesanpedro.com.ar\/sitio\/wp-content\/uploads\/2019\/08\/1-4-1024x678.jpeg\" data-src=\"https:\/\/eldiariodesanpedro.com.ar\/sitio\/wp-content\/uploads\/2019\/08\/1-4-1024x678.jpeg\" alt=\"\" class=\"wp-image-58852 lazyload\" data-srcset=\"https:\/\/eldiariodesanpedro.com.ar\/sitio\/wp-content\/uploads\/2019\/08\/1-4-1024x678.jpeg 1024w, https:\/\/eldiariodesanpedro.com.ar\/sitio\/wp-content\/uploads\/2019\/08\/1-4-300x199.jpeg 300w, https:\/\/eldiariodesanpedro.com.ar\/sitio\/wp-content\/uploads\/2019\/08\/1-4-768x508.jpeg 768w, https:\/\/eldiariodesanpedro.com.ar\/sitio\/wp-content\/uploads\/2019\/08\/1-4.jpeg 1280w\" data-sizes=\"(max-width: 1024px) 100vw, 1024px\" src=\"data:image\/svg+xml;base64,PHN2ZyB3aWR0aD0iMSIgaGVpZ2h0PSIxIiB4bWxucz0iaHR0cDovL3d3dy53My5vcmcvMjAwMC9zdmciPjwvc3ZnPg==\" style=\"--smush-placeholder-width: 1024px; --smush-placeholder-aspect-ratio: 1024\/678;\" \/><\/figure>\n","protected":false},"excerpt":{"rendered":"<p>La Municipalidad de San Pedro a trav\u00e9s de la Secretar\u00eda de Desarrollo Humano colabor\u00f3 este a\u00f1o, como en los anteriores, con los festejos del d\u00eda del ni\u00f1o de diferentes comisiones de fomento, comedores barriales, delegaciones municipales, instituciones, aportando golosinas, leche, chocolatada, y otras cosas.\u00a0 Este aporte se suma al esfuerzo que cada persona, grupo e [&hellip;]<\/p>\n","protected":false},"author":4,"featured_media":58853,"comment_status":"open","ping_status":"closed","sticky":false,"template":"","format":"standard","meta":{"om_disable_all_campaigns":false,"_jetpack_memberships_contains_paid_content":false,"footnotes":""},"categories":[101,2],"tags":[],"class_list":["post-58851","post","type-post","status-publish","format-standard","has-post-thumbnail","hentry","category-interes-general-locales","category-locales"],"aioseo_notices":[],"gutentor_comment":0,"jetpack_featured_media_url":"https:\/\/eldiariodesanpedro.com.ar\/sitio\/wp-content\/uploads\/2019\/08\/2-4.jpeg","jetpack_shortlink":"https:\/\/wp.me\/p6RhLt-fjd","jetpack_sharing_enabled":true,"_links":{"self":[{"href":"https:\/\/eldiariodesanpedro.com.ar\/sitio\/wp-json\/wp\/v2\/posts\/58851","targetHints":{"allow":["GET"]}}],"collection":[{"href":"https:\/\/eldiariodesanpedro.com.ar\/sitio\/wp-json\/wp\/v2\/posts"}],"about":[{"href":"https:\/\/eldiariodesanpedro.com.ar\/sitio\/wp-json\/wp\/v2\/types\/post"}],"author":[{"embeddable":true,"href":"https:\/\/eldiariodesanpedro.com.ar\/sitio\/wp-json\/wp\/v2\/users\/4"}],"replies":[{"embeddable":true,"href":"https:\/\/eldiariodesanpedro.com.ar\/sitio\/wp-json\/wp\/v2\/comments?post=58851"}],"version-history":[{"count":1,"href":"https:\/\/eldiariodesanpedro.com.ar\/sitio\/wp-json\/wp\/v2\/posts\/58851\/revisions"}],"predecessor-version":[{"id":58855,"href":"https:\/\/eldiariodesanpedro.com.ar\/sitio\/wp-json\/wp\/v2\/posts\/58851\/revisions\/58855"}],"wp:featuredmedia":[{"embeddable":true,"href":"https:\/\/eldiariodesanpedro.com.ar\/sitio\/wp-json\/wp\/v2\/media\/58853"}],"wp:attachment":[{"href":"https:\/\/eldiariodesanpedro.com.ar\/sitio\/wp-json\/wp\/v2\/media?parent=58851"}],"wp:term":[{"taxonomy":"category","embeddable":true,"href":"https:\/\/eldiariodesanpedro.com.ar\/sitio\/wp-json\/wp\/v2\/categories?post=58851"},{"taxonomy":"post_tag","embeddable":true,"href":"https:\/\/eldiariodesanpedro.com.ar\/sitio\/wp-json\/wp\/v2\/tags?post=58851"}],"curies":[{"name":"wp","href":"https:\/\/api.w.org\/{rel}","templated":true}]}}