{"id":58848,"date":"2019-08-27T11:09:49","date_gmt":"2019-08-27T14:09:49","guid":{"rendered":"https:\/\/eldiariodesanpedro.com.ar\/sitio\/?p=58848"},"modified":"2019-08-27T11:09:53","modified_gmt":"2019-08-27T14:09:53","slug":"arrecifes-la-municipalidad-pagara-un-bono-de-4-000-a-sus-empleados","status":"publish","type":"post","link":"https:\/\/eldiariodesanpedro.com.ar\/sitio\/arrecifes-la-municipalidad-pagara-un-bono-de-4-000-a-sus-empleados\/","title":{"rendered":"ARRECIFES | La Municipalidad pagar\u00e1 un bono de $ 4.000 a sus empleados"},"content":{"rendered":"<!-- VideographyWP Plugin Message: Automatic video embedding prevented by plugin options. -->\n\n<p>El intendente Javier Olaeta ha decidido otorgar un bono fijo de $ 4.000 a los empleados municipales, con excepci\u00f3n de los funcionarios pol\u00edticos y concejales.<\/p>\n\n\n\n<p>Dicha suma ser\u00e1 abonada en dos cuotas de $ 2.000 pesos cada una, resultando el pago de la primera cuota en la primera semana de septiembre y la restante durante la primera semana de octubre.<\/p>\n\n\n\n<p>\u00abEsta decisi\u00f3n del Intendente se enmarca en la necesidad de implementar medidas concretas que impacten positiva y directamente en la capacidad adquisitiva del personal\u00bb, seg\u00fan se consider\u00f3 en un comunicado municipal.<\/p>\n\n\n\n<p>Fuente: Arrecifes Noticias <\/p>\n","protected":false},"excerpt":{"rendered":"<p>El intendente Javier Olaeta ha decidido otorgar un bono fijo de $ 4.000 a los empleados municipales, con excepci\u00f3n de los funcionarios pol\u00edticos y concejales. Dicha suma ser\u00e1 abonada en dos cuotas de $ 2.000 pesos cada una, resultando el pago de la primera cuota en la primera semana de septiembre y la restante durante [&hellip;]<\/p>\n","protected":false},"author":4,"featured_media":58849,"comment_status":"open","ping_status":"closed","sticky":false,"template":"","format":"standard","meta":{"om_disable_all_campaigns":false,"_jetpack_memberships_contains_paid_content":false,"footnotes":""},"categories":[621],"tags":[],"class_list":["post-58848","post","type-post","status-publish","format-standard","has-post-thumbnail","hentry","category-regionales"],"aioseo_notices":[],"gutentor_comment":0,"jetpack_featured_media_url":"https:\/\/eldiariodesanpedro.com.ar\/sitio\/wp-content\/uploads\/2019\/08\/Intendente-Javier-Olaeta-701x510.jpg","jetpack_shortlink":"https:\/\/wp.me\/p6RhLt-fja","jetpack_sharing_enabled":true,"_links":{"self":[{"href":"https:\/\/eldiariodesanpedro.com.ar\/sitio\/wp-json\/wp\/v2\/posts\/58848","targetHints":{"allow":["GET"]}}],"collection":[{"href":"https:\/\/eldiariodesanpedro.com.ar\/sitio\/wp-json\/wp\/v2\/posts"}],"about":[{"href":"https:\/\/eldiariodesanpedro.com.ar\/sitio\/wp-json\/wp\/v2\/types\/post"}],"author":[{"embeddable":true,"href":"https:\/\/eldiariodesanpedro.com.ar\/sitio\/wp-json\/wp\/v2\/users\/4"}],"replies":[{"embeddable":true,"href":"https:\/\/eldiariodesanpedro.com.ar\/sitio\/wp-json\/wp\/v2\/comments?post=58848"}],"version-history":[{"count":1,"href":"https:\/\/eldiariodesanpedro.com.ar\/sitio\/wp-json\/wp\/v2\/posts\/58848\/revisions"}],"predecessor-version":[{"id":58850,"href":"https:\/\/eldiariodesanpedro.com.ar\/sitio\/wp-json\/wp\/v2\/posts\/58848\/revisions\/58850"}],"wp:featuredmedia":[{"embeddable":true,"href":"https:\/\/eldiariodesanpedro.com.ar\/sitio\/wp-json\/wp\/v2\/media\/58849"}],"wp:attachment":[{"href":"https:\/\/eldiariodesanpedro.com.ar\/sitio\/wp-json\/wp\/v2\/media?parent=58848"}],"wp:term":[{"taxonomy":"category","embeddable":true,"href":"https:\/\/eldiariodesanpedro.com.ar\/sitio\/wp-json\/wp\/v2\/categories?post=58848"},{"taxonomy":"post_tag","embeddable":true,"href":"https:\/\/eldiariodesanpedro.com.ar\/sitio\/wp-json\/wp\/v2\/tags?post=58848"}],"curies":[{"name":"wp","href":"https:\/\/api.w.org\/{rel}","templated":true}]}}