{"id":58843,"date":"2019-08-27T11:08:31","date_gmt":"2019-08-27T14:08:31","guid":{"rendered":"https:\/\/eldiariodesanpedro.com.ar\/sitio\/?p=58843"},"modified":"2019-08-27T11:08:36","modified_gmt":"2019-08-27T14:08:36","slug":"arrecifes-mas-cerca-del-record-de-lo-pensado","status":"publish","type":"post","link":"https:\/\/eldiariodesanpedro.com.ar\/sitio\/arrecifes-mas-cerca-del-record-de-lo-pensado\/","title":{"rendered":"ARRECIFES | M\u00e1s cerca del r\u00e9cord de lo pensado"},"content":{"rendered":"<!-- VideographyWP Plugin Message: Automatic video embedding prevented by plugin options. -->\n\n<p>La intenci\u00f3n de la pe\u00f1a Fog\u00f3n Criollo y de la Municipalidad de Arrecifes era motivar a la gente con el intento de batir el r\u00e9cord Guinness de m\u00e1s de 1.200 parejas bailando chacarera. Pero sab\u00edan que no era posible, teniendo en cuenta que esta marca se logr\u00f3 en la 14\u00aa edici\u00f3n de un festival internacional y en una de las cunas de esta danza, como es la provincia de Santiago del Estero. Reci\u00e9n en octubre de 2018 se logr\u00f3 el r\u00e9cord en el Festival Internacional de Folklore Ashpa S\u00famaj, en las Termas de R\u00edo Hondo (Santiago del Estero).<\/p>\n\n\n\n<p>Tampoco se hicieron los tr\u00e1mites previos ante Guinness para oficializar el intento, porque solamente era marcar un antecedente para una posterior participaci\u00f3n. Por ello se convoc\u00f3 a la escribana Cecilia Sardi, para que d\u00e9 fe de esta convocatoria del \u00faltimo domingo.<\/p>\n\n\n\n<p>Lo que no imaginaron nunca los organizadores es que se iba a estar tan cerca del r\u00e9cord mundial, ya que Arrecifes logr\u00f3 reunir a casi mil parejas bailando chacarera en forma simult\u00e1nea en el 1\u00ba Encuentro Provincial de Danza, desarrollado en el predio del Viejo Molino.<\/p>\n\n\n\n<p>Fueron exactamente 966 las parejas que danzaron en forma simult\u00e1nea pasadas las cinco de la tarde, muchas de ellas bailando chacarera por primera vez pero sum\u00e1ndose para intentar acercarse al casi ut\u00f3pico r\u00e9cord.<\/p>\n\n\n\n<p>El espect\u00e1culo montado fue sencillamente maravilloso, con una enorme asistencia de p\u00fablico (se calculan m\u00e1s de 6.000 personas) en una magn\u00edfica fiesta del folclore y la familia. Hubo much\u00edsima cantidad de gente de Arrecifes y tambi\u00e9n visitantes de decenas de ciudades cercanas y no tanto; algunos llegando como ballets y otros particularmente.<\/p>\n\n\n\n<p>Haber llegado a casi 2.000 personas bailando nos pone cerca de la marca para el Guinness en el primer intento. Por eso se descarta que en 2020 este encuentro se va a repetir y ya anim\u00e1ndonos a hacerlo oficialmente.<\/p>\n\n\n\n<p>Fuente: Arrecifes Noticias<\/p>\n\n\n\n<p><br><\/p>\n","protected":false},"excerpt":{"rendered":"<p>La intenci\u00f3n de la pe\u00f1a Fog\u00f3n Criollo y de la Municipalidad de Arrecifes era motivar a la gente con el intento de batir el r\u00e9cord Guinness de m\u00e1s de 1.200 parejas bailando chacarera. Pero sab\u00edan que no era posible, teniendo en cuenta que esta marca se logr\u00f3 en la 14\u00aa edici\u00f3n de un festival internacional [&hellip;]<\/p>\n","protected":false},"author":4,"featured_media":58846,"comment_status":"open","ping_status":"closed","sticky":false,"template":"","format":"standard","meta":{"om_disable_all_campaigns":false,"_jetpack_memberships_contains_paid_content":false,"footnotes":""},"categories":[621],"tags":[],"class_list":["post-58843","post","type-post","status-publish","format-standard","has-post-thumbnail","hentry","category-regionales"],"aioseo_notices":[],"gutentor_comment":0,"jetpack_featured_media_url":"https:\/\/eldiariodesanpedro.com.ar\/sitio\/wp-content\/uploads\/2019\/08\/Chacarera-baile.jpg","jetpack_shortlink":"https:\/\/wp.me\/p6RhLt-fj5","jetpack_sharing_enabled":true,"_links":{"self":[{"href":"https:\/\/eldiariodesanpedro.com.ar\/sitio\/wp-json\/wp\/v2\/posts\/58843","targetHints":{"allow":["GET"]}}],"collection":[{"href":"https:\/\/eldiariodesanpedro.com.ar\/sitio\/wp-json\/wp\/v2\/posts"}],"about":[{"href":"https:\/\/eldiariodesanpedro.com.ar\/sitio\/wp-json\/wp\/v2\/types\/post"}],"author":[{"embeddable":true,"href":"https:\/\/eldiariodesanpedro.com.ar\/sitio\/wp-json\/wp\/v2\/users\/4"}],"replies":[{"embeddable":true,"href":"https:\/\/eldiariodesanpedro.com.ar\/sitio\/wp-json\/wp\/v2\/comments?post=58843"}],"version-history":[{"count":1,"href":"https:\/\/eldiariodesanpedro.com.ar\/sitio\/wp-json\/wp\/v2\/posts\/58843\/revisions"}],"predecessor-version":[{"id":58847,"href":"https:\/\/eldiariodesanpedro.com.ar\/sitio\/wp-json\/wp\/v2\/posts\/58843\/revisions\/58847"}],"wp:featuredmedia":[{"embeddable":true,"href":"https:\/\/eldiariodesanpedro.com.ar\/sitio\/wp-json\/wp\/v2\/media\/58846"}],"wp:attachment":[{"href":"https:\/\/eldiariodesanpedro.com.ar\/sitio\/wp-json\/wp\/v2\/media?parent=58843"}],"wp:term":[{"taxonomy":"category","embeddable":true,"href":"https:\/\/eldiariodesanpedro.com.ar\/sitio\/wp-json\/wp\/v2\/categories?post=58843"},{"taxonomy":"post_tag","embeddable":true,"href":"https:\/\/eldiariodesanpedro.com.ar\/sitio\/wp-json\/wp\/v2\/tags?post=58843"}],"curies":[{"name":"wp","href":"https:\/\/api.w.org\/{rel}","templated":true}]}}